{"id":38710,"date":"2024-07-18T10:59:02","date_gmt":"2024-07-18T10:59:02","guid":{"rendered":"https:\/\/dekkbi.com\/?p=38710"},"modified":"2024-07-18T10:59:03","modified_gmt":"2024-07-18T10:59:03","slug":"jo-2024-le-village-olympique-va-enfin-prendre-vie","status":"publish","type":"post","link":"https:\/\/dekkbi.com\/?p=38710","title":{"rendered":"JO-2024: le village olympique va enfin prendre vie"},"content":{"rendered":"\n<p>A huit jours du d\u00e9but des JO et trois ans apr\u00e8s le d\u00e9but des travaux, le village olympique ouvre ses portes jeudi et va accueillir ses premiers athl\u00e8tes, donnant le top d\u00e9part d&rsquo;une vague r\u00e9guli\u00e8re d&rsquo;arriv\u00e9es qui devrait culminer \u00e0 plus de 14.000 personnes au plus fort des Jeux.<\/p>\n\n\n\n<p>C&rsquo;est un top d\u00e9part symbolique, qui marque une \u00e9tape de plus vers ces JO (26 juillet &#8211; 11 ao\u00fbt). A partir de minuit jeudi, le village olympique sera officiellement ouvert, et les premi\u00e8res d\u00e9l\u00e9gations vont pouvoir prendre possession des lieux.<\/p>\n\n\n\n<p>Depuis une semaine, le village a d\u00e9j\u00e0 \u00e9t\u00e9 investi par une partie des chefs de d\u00e9l\u00e9gations et de leur encadrement charg\u00e9s de pr\u00e9parer l&rsquo;accueil de leurs \u00e9quipes respectives.<\/p>\n\n\n\n<p>\u00ab\u00a0Il y a un peu de monde depuis une semaine, oui, mais c&rsquo;est effectivement \u00e0 partir de jeudi que le village va r\u00e9ellement se remplir. C&rsquo;est \u00e0 ce moment-l\u00e0 que concr\u00e8tement le village va prendre vie\u00a0\u00bb, explique \u00e0 l&rsquo;AFP Andr\u00e9-Pierre Goubert, le chef adjoint de la d\u00e9l\u00e9gation fran\u00e7aise.<\/p>\n\n\n\n<p>Les chefs des d\u00e9l\u00e9gations de l&rsquo;Australie, du Japon, du Br\u00e9sil, des Pays-Bas ou de la Belgique sont par exemple d\u00e9j\u00e0 sur place.<\/p>\n\n\n\n<h2 class=\"wp-block-heading\">\u00ab\u00a0Encore un peu de travail\u00a0\u00bb<\/h2>\n\n\n\n<figure class=\"wp-block-image\"><img decoding=\"async\" src=\"https:\/\/information.tv5monde.com\/sites\/tv5-info\/files\/styles\/entete\/public\/2024-07\/field_media_image-2849682-f8d02f9be911b8e35654544c79ddaa6bd6bfaf1b.jpg?itok=kcxbo9IZ\" alt=\"Des panneaux signal\u00e9tiques au village olympique, le 2 juillet 2024 \u00e0 Saint-Denis\" title=\"Des panneaux signal\u00e9tiques au village olympique, le 2 juillet 2024 \u00e0 Saint-Denis\"\/><\/figure>\n\n\n\n<p>Des panneaux signal\u00e9tiques au village olympique, le 2 juillet 2024 \u00e0 Saint-Denis<\/p>\n\n\n\n<p>AFP\/Archives<\/p>\n\n\n\n<p>Emmanuel Dunand<\/p>\n\n\n\n<p>Lors de la journ\u00e9e de jeudi, \u00ab\u00a0plusieurs centaines de personnes, sans doute entre un et deux mille\u00a0\u00bb, athl\u00e8tes et staff compris, devraient franchir les portes du village, a indiqu\u00e9 \u00e0 l&rsquo;AFP une source au sein du comit\u00e9 d&rsquo;organisation, qui officiellement reste discret pour cette ouverture de village.<\/p>\n\n\n\n<p>\u00ab\u00a0Les grosses nations vont arriver le premier jour de l&rsquo;ouverture (&#8230;) donc de m\u00e9moire l&rsquo;Angleterre, les Etats-Unis, la Nouvelle-Z\u00e9lande, le Br\u00e9sil, la Suisse\u00a0\u00bb, a assur\u00e9 Andr\u00e9-Pierre Goubert.<\/p>\n\n\n\n<p>Et \u00e0 quelques heures de ce moment symbolique, les \u00e9quipes du comit\u00e9 d&rsquo;organisation s&rsquo;affairent pour que tout soit fin pr\u00eat.<\/p>\n\n\n\n<p>\u00ab\u00a0Nous avons encore un peu de travail \u00e0 faire pour finaliser tous les diff\u00e9rents espaces et nettoyer\u00a0\u00bb, a assur\u00e9 lundi Laurent Michaud, le directeur du village.<\/p>\n\n\n\n<p>Au pic, le village, qui s&rsquo;\u00e9tend sur 52 hectares \u00e0 cheval entre Saint-Denis, Saint-Ouen et l&rsquo;\u00eele Saint-Denis, va accueillir pr\u00e8s de 14.500 personnes, dont 9.000 athl\u00e8tes.<\/p>\n\n\n\n<p>\u00ab\u00a0Cela devrait \u00eatre une vraie fourmili\u00e8re\u00a0\u00bb, anticipe un cadre du mouvement olympique fran\u00e7ais. Car la population ne sera pas compos\u00e9e que de sportifs ou de leur staff.<\/p>\n\n\n\n<figure class=\"wp-block-image\"><img decoding=\"async\" src=\"https:\/\/information.tv5monde.com\/sites\/tv5-info\/files\/styles\/entete\/public\/2024-07\/field_media_image-2849683-6d723c57c1822dcb748eefaf567ed41662fd5288.jpg?itok=tJLqh94t\" alt=\"Une chambre d'athl\u00e8te au village olympique, le 2 juillet 2024 \u00e0 Saint-Denis\" title=\"Une chambre d'athl\u00e8te au village olympique, le 2 juillet 2024 \u00e0 Saint-Denis\"\/><\/figure>\n\n\n\n<p>Une chambre d&rsquo;athl\u00e8te au village olympique, le 2 juillet 2024 \u00e0 Saint-Denis<\/p>\n\n\n\n<p>AFP\/Archives<\/p>\n\n\n\n<p>EMMANUEL DUNAND<\/p>\n\n\n\n<p>\u00ab\u00a0Nous aurons 4.000 employ\u00e9s dans le village: ceux de Paris 2024, ceux des entreprises avec lesquelles nous avons des contrats &#8211; et il y en a beaucoup bien s\u00fbr pour faire fonctionner le village, principalement pour le m\u00e9nage et la restauration &#8211; et nous avons aussi 1.500 volontaires qui travailleront ici dans le village, principalement pour accompagner les d\u00e9l\u00e9gations au quotidien\u00a0\u00bb, d\u00e9taille Laurent Michaud.<\/p>\n\n\n\n<p>C\u00f4t\u00e9 fran\u00e7ais, seule l&rsquo;\u00e9quipe de water-polo f\u00e9minine va ouvrir le bal jeudi, soit au total \u00ab\u00a0une trentaine de personnes avec leur staff\u00a0\u00bb, les premiers \u00e0 d\u00e9couvrir le b\u00e2timent r\u00e9serv\u00e9 aux Bleus, assure Andr\u00e9-Pierre Goubert.<\/p>\n\n\n\n<p>Avantage de recevoir les JO, la France a pu choisir son b\u00e2timent, situ\u00e9 non loin du restaurant install\u00e9 dans la Cit\u00e9 du cin\u00e9ma, et proche de la polyclinique du village. Et depuis le d\u00e9but du mois de juin, les \u00e9quipes du comit\u00e9 olympique fran\u00e7ais (CNOSF) s&rsquo;affairent \u00e0 \u00e9quiper au mieux les lieux.<\/p>\n\n\n\n<h2 class=\"wp-block-heading\">\u00ab\u00a0On y dort tr\u00e8s bien\u00a0\u00bb<\/h2>\n\n\n\n<p>Les 573 athl\u00e8tes de la d\u00e9l\u00e9gation fran\u00e7aise et les 51 rempla\u00e7ants (624 au total) vont b\u00e9n\u00e9ficier d&rsquo;une salle de fitness privative de 170 m2 &#8211; le village en offre une collective &#8211; une salle de convivialit\u00e9 avec un \u00e9cran TV de 5x3m, du snacking en plus du restaurant, de jeux de soci\u00e9t\u00e9 et d&rsquo;un baby-foot.<\/p>\n\n\n\n<p>\u00ab\u00a0Il y a aussi un roof-top&#8230; En terme d&rsquo;am\u00e9nagement, c&rsquo;est le meilleur b\u00e2timent France qu&rsquo;on ait eu\u00a0\u00bb, assure Andr\u00e9-Pierre Goubert. \u00ab\u00a0On est \u00e0 domicile, il n&rsquo;y a pas de d\u00e9calage horaire ni d&rsquo;acclimatation n\u00e9cessaire, donc les gens vont venir le plus pr\u00e8s du jour de leurs comp\u00e9titions\u00a0\u00bb, pr\u00e9vient-il.<\/p>\n\n\n\n<p>L&rsquo;\u00e9quipe de France dispose de 485 lits et plus de 900 m2 d&rsquo;espaces communs.<\/p>\n\n\n\n<p>\u00ab\u00a0On y dort tr\u00e8s bien\u00a0\u00bb, assure Andr\u00e9-Pierre Goubert. Et pour l&rsquo;instant pas besoin de climatiseurs, \u00ab\u00a0on a la g\u00e9othermie invers\u00e9e (garantissant 6 degr\u00e9s de moins que l&rsquo;ext\u00e9rieur, ndlr), et \u00e7a fonctionne tr\u00e8s bien, j&rsquo;ai m\u00eame rajout\u00e9 une couverture\u00a0\u00bb, assure-t-il.<\/p>\n","protected":false},"excerpt":{"rendered":"<p>A huit jours du d\u00e9but des JO et trois ans apr\u00e8s le d\u00e9but des travaux, le village olympique ouvre ses<\/p>\n","protected":false},"author":1,"featured_media":38711,"comment_status":"open","ping_status":"open","sticky":false,"template":"","format":"standard","meta":{"footnotes":""},"categories":[9],"tags":[],"class_list":["post-38710","post","type-post","status-publish","format-standard","has-post-thumbnail","hentry","category-sports"],"_links":{"self":[{"href":"https:\/\/dekkbi.com\/index.php?rest_route=\/wp\/v2\/posts\/38710","targetHints":{"allow":["GET"]}}],"collection":[{"href":"https:\/\/dekkbi.com\/index.php?rest_route=\/wp\/v2\/posts"}],"about":[{"href":"https:\/\/dekkbi.com\/index.php?rest_route=\/wp\/v2\/types\/post"}],"author":[{"embeddable":true,"href":"https:\/\/dekkbi.com\/index.php?rest_route=\/wp\/v2\/users\/1"}],"replies":[{"embeddable":true,"href":"https:\/\/dekkbi.com\/index.php?rest_route=%2Fwp%2Fv2%2Fcomments&post=38710"}],"version-history":[{"count":1,"href":"https:\/\/dekkbi.com\/index.php?rest_route=\/wp\/v2\/posts\/38710\/revisions"}],"predecessor-version":[{"id":38712,"href":"https:\/\/dekkbi.com\/index.php?rest_route=\/wp\/v2\/posts\/38710\/revisions\/38712"}],"wp:featuredmedia":[{"embeddable":true,"href":"https:\/\/dekkbi.com\/index.php?rest_route=\/wp\/v2\/media\/38711"}],"wp:attachment":[{"href":"https:\/\/dekkbi.com\/index.php?rest_route=%2Fwp%2Fv2%2Fmedia&parent=38710"}],"wp:term":[{"taxonomy":"category","embeddable":true,"href":"https:\/\/dekkbi.com\/index.php?rest_route=%2Fwp%2Fv2%2Fcategories&post=38710"},{"taxonomy":"post_tag","embeddable":true,"href":"https:\/\/dekkbi.com\/index.php?rest_route=%2Fwp%2Fv2%2Ftags&post=38710"}],"curies":[{"name":"wp","href":"https:\/\/api.w.org\/{rel}","templated":true}]}}