{"id":38687,"date":"2024-07-18T10:30:00","date_gmt":"2024-07-18T10:30:00","guid":{"rendered":"https:\/\/dekkbi.com\/?p=38687"},"modified":"2024-07-18T10:30:01","modified_gmt":"2024-07-18T10:30:01","slug":"joyeux-anniversaire-hommage-a-monsieur-le-president-mamadou-dia","status":"publish","type":"post","link":"https:\/\/dekkbi.com\/?p=38687","title":{"rendered":"Joyeux Anniversaire : Hommage \u00e0 Monsieur Le Pr\u00e9sident Mamadou Dia !"},"content":{"rendered":"\n<h3 class=\"wp-block-heading\">\u00ab Celui qui vient au monde pour ne rien troubler : ne m\u00e9rite ni \u00e9gards ni patience \u00bb (Ren\u00e9 Char) *<br>jeudi 18 juillet 2024-Lundi 18 juillet 1910 : Il y a 114 ans naquit \u00e0 Khombole dans le Kayor le Pr\u00e9sident Mamadou Moustapha DIA, un illustre personnage de la vie politique s\u00e9n\u00e9galaise et africaine d\u2019une fermet\u00e9 d\u2019\u00e2me sublime. Homme politique, Humaniste int\u00e9gral, Islamologue et Economiste Il fut successivement ;<\/h3>\n\n\n\n<p>-Vice-pr\u00e9sident du gouvernement du S\u00e9n\u00e9gal issu de la Loi-cadre avec Mr Pierre Lamy comme Chef du territoire et pr\u00e9sident du Conseil (Lundi 20 mai 1957)<\/p>\n\n\n\n<p>&#8211; Pr\u00e9sident du Conseil de gouvernement du S\u00e9n\u00e9gal (Samedi 4 octobre 1958)<\/p>\n\n\n\n<p>&#8211; Pr\u00e9sident du Conseil des Ministres de la R\u00e9publique du S\u00e9n\u00e9gal, Ministre de la d\u00e9fense et de la s\u00e9curit\u00e9 et Chef de l\u2019Etat (Samedi 4 avril 1959 au Lundi 17 d\u00e9cembre 1962)<\/p>\n\n\n\n<p>Le Pr\u00e9sident Dia est l\u2019unique s\u00e9n\u00e9galais qui a sign\u00e9 l\u2019acte de naissance de l\u2019Etat du S\u00e9n\u00e9gal dont il fut le b\u00e2tisseur incontestable (Accords de Matignon du Lundi 4 avril 1960 \u00e0 Paris). Pour l\u2019\u00e9minent philosophe Professeur Djibril Samb, Dia est \u00e0 coup s\u00fbr le p\u00e8re de l\u2019Etat du S\u00e9n\u00e9gal.<\/p>\n\n\n\n<p>La R\u00e9publique du S\u00e9n\u00e9gal en donnant son nom au Building Administratif- nagu\u00e8re si\u00e8ge de l\u2019Afrique occidentale fran\u00e7aise (Aof) &#8211; o\u00f9 il pr\u00e9sida aux destin\u00e9es du S\u00e9n\u00e9gal (du Lundi 20 mai 1957 au Lundi 17 d\u00e9cembre 1962) n\u2019a fait que \u00e0 remettre les choses \u00e0 l\u2019endroit n\u2019en d\u00e9plaise aux forces r\u00e9actionnaires et obscurantistes et leurs alli\u00e9s d\u2019outre-mer qui continuent de brider le S\u00e9n\u00e9gal. Les masses populaires appauvries\u00f7v\u00e9ritable masses de man\u0153uvre ou monnaie d\u2019\u00e9change\u00f7 ne savent plus \u00e0 quel saint se vouer ni \u00e0 quel parti ou coalition \u00e9lectoraliste se fier.<\/p>\n\n\n\n<p>S\u2019il convient de savoir gr\u00e9 \u00e0 l\u2019Etat du S\u00e9n\u00e9gal pour ce premier acte de reconnaissance, force est de reconnaitre que d\u2019\u00e9minents serviteurs de la R\u00e9publique sont toujours ostracis\u00e9s et absents de notre Panth\u00e9on politique.<\/p>\n\n\n\n<p>Le Pr Abdoulaye Bathily*- Historien \u00e9m\u00e9rite et Homme politique de premier plan encore sur la ligne de front pour le progr\u00e8s et la justice sociale-s\u2019en est justement offusqu\u00e9 \u00e0 l\u2019occasion du 9eme anniversaire du rappel \u00e0 Dieu du Pr. Abdoulaye Ly ancien Ministre de la Production dans le premier gouvernement Dia issu de la Loi-cadre en mai 1957.<\/p>\n\n\n\n<p>Pour le Pr Bathilly, Mamadou Dia et Abdoulaye Ly\u00ab sont les vrais pionniers de l\u2019Ind\u00e9pendance et curieusement, ils sont rang\u00e9s aujourd\u2019hui dans l\u2019oubliJe suis particuli\u00e8rement admiratif de ces pionniers et le demeure. Aucun d\u2019entre eux n\u2019a laiss\u00e9 de richesse \u00e0 sa famille. Il faut voir les maisons qu\u2019ils habitaient. Mais ils sont tous oubli\u00e9s dans notre panth\u00e9on politique. \u00bb (1).<\/p>\n\n\n\n<p>Je renvoie le lecteur aux p\u00e9rip\u00e9ties du premier congr\u00e8s du Parti du regroupement africain (Pra) tenu le 25 juillet 1958 \u00e0 Cotonou. Pour revenir au Pr\u00e9sident Mamadou Dia condamn\u00e9 \u00e0 la d\u00e9portation \u00e0 perp\u00e9tuit\u00e9 le 13 mai 1963 et ses ministres Valdiodio Ndiaye, Ibrahima Sar, Joseph Mbaye et Alioune Tall, \u00e0 20 ans de prison .Point n\u2019est besoin de relater la d\u00e9cennie d\u2019\u00abermitage \u00bb au centre p\u00e9nitentiaire sp\u00e9cial de K\u00e9dougou avec ses valeureux compagnons. Ses collaborateurs furent assign\u00e9s \u00e0 r\u00e9sidence puis emprisonn\u00e9s : Mody Diagne, Aboubakry Kane, Mody Niane et son \u00e9pouse Toukou Bokoum assign\u00e9e \u00e0 r\u00e9sidence \u00e0 Mboumba (Lao) !, Mamadou S\u00e8ye, Ndiogou Wack Ba, Fadel Kane, Assane Diop et Ousmane Ndiaye Thiass.<\/p>\n\n\n\n<p>Comme le dit si bien Khalifa Tour\u00e9 dans sa remarquable contribution (2) que je recommande vivement \u00e0 ceux et celles qui me feront l\u2019amiti\u00e9 de lire notre modeste contribution.<\/p>\n\n\n\n<p>Suivons Mr Tour\u00e9 : \u00ab La sinistre prison de K\u00e9dougou n\u2019a rien \u00e0 voir avec ce Rebeuss d\u2019aujourd\u2019hui \u00e0 l\u2019image faussement romantique pr\u00e9fabriqu\u00e9e par des politiciens de peu d\u2019envergure qui pensent et osent m\u00eame dire que c\u2019est le meilleur tremplin pour aller au Palais .Il n\u2019y avait pas cette explosion m\u00e9diatique d\u2019aujourd\u2019hui ; ni t\u00e9l\u00e9phone portable, encore moins Internet.<\/p>\n\n\n\n<p>Rebeuss est une prison dor\u00e9e, compar\u00e9e \u00e0 K\u00e9dougou de l\u2019\u00e9poque. Aucune communication avec le monde ext\u00e9rieur, un isolement total. M\u00eame dans les pires prisons du monde , seuls les criminels et les prisonniers dangereux \u00e9taient isol\u00e9s dans les cloitres.<\/p>\n\n\n\n<p>L\u2019histoire de Mamadou Dia et de ses quatre amis est \u00e0 pleurer \u00e0 mort. Je connais au moins deux grands lecteurs qui ont vers\u00e9 de chaudes larmes \u00e0 la lecture des M\u00e9moires de Mamadou Dia, avant de fermer le livre.<\/p>\n\n\n\n<p>Apr\u00e8s avoir lu Mamadou Dia, on est plus la m\u00eame personne\u00bb. Aussi, on n\u2019est plus la m\u00eame personne si on la chance de voir cet illustre personnage d\u2019une immense s\u00e9r\u00e9nit\u00e9.<br>Cette opportunit\u00e9 me fut offerte en 1998 par son compagnon de lutte et fr\u00e8re d\u2019 \u00ab \u00e2me\u00bb Feu Mr le Pr Magatte Thiam qui nous a quitt\u00e9 le 7 avril 2024 apr\u00e8s une vie de 86 ans bien remplie et il repose \u00e0 Ouakam, un des villages L\u00e9bou avec Ngor et Yoff du terroir mythique Taank. Magatte fut notre professeur de math\u00e9matiques au Lyc\u00e9e Joost Van Vollenhoven (Actuelle Lyc\u00e9e Lamine Gu\u00e8ye) et \u00e9tait tr\u00e8s li\u00e9 avec Feu mon oncle Dr Hamath Ba.<\/p>\n\n\n\n<p>Je suis tent\u00e9 de dire qu\u2019il est rest\u00e9 simple et libre m\u00eame devant la mort pour citer Nietzsche Il n\u2019a jamais \u00ab aval\u00e9 son chapeau \u00bb devant C\u00e9sar et consacra sa vie \u00e0 la d\u00e9fense et \u00e0 l\u2019\u00e9mancipation des masses populaires ouvri\u00e8res et paysannes. Le Pr\u00e9sident Dia et le Pr Magatte Thiam fond\u00e8rent le Journal \u00ab And Soppi \u00bb en 1976.<\/p>\n\n\n\n<p>J\u2019en profite pour rendre hommage \u00e0 tous ces illustres compagnons du Pr\u00e9sident Dia, aujourd\u2019hui, disparus et j\u2019y associe \u00e9galement Mr Roland Colin qui fut un proche et fid\u00e8le collaborateur du Pr\u00e9sident du 20 mai 1957 au 17 d\u00e9cembre 1962 et qui continue d\u2019entretenir avec passion sa m\u00e9moire. Il vient avec ses amis (dont le Pr\u00e9sident Moustapha Niasse) de porter sur les fonts baptismaux la Fondation Mamadou Dia pour l\u2019Economie Humaine. Humaniste int\u00e9gral, Roland Colin a tr\u00e8s t\u00f4t compris cette pens\u00e9e de Khalil Gibran : \u00abLa terre est ma patrie, l\u2019humanit\u00e9 ma famille \u00bb.<\/p>\n\n\n\n<p>Ainsi donc, K\u00e9dougou permit au Pr\u00e9sident Dia de se r\u00e9concilier avec lui-m\u00eame, d\u2019acqu\u00e9rir une g\u00e9n\u00e9rosit\u00e9 d\u2019\u00e2me et de pardonner. Ce s\u00e9jour carc\u00e9ral, Il ne l\u2019a pas v\u00e9cu comme une p\u00e9nitence mais comme une retraite monastique. C\u2019est \u00e0 l\u2019acm\u00e9 de la souffrance que l\u2019\u00e2me s\u2019anoblit et se r\u00e9concilie avec l\u2019\u00eatre qui la porte et donc avec Dieu.<\/p>\n\n\n\n<p>Emile Cioran ne s\u2019y \u00e9tait gu\u00e8re tromp\u00e9 : \u00ab Celui qui n\u2019a pas souffert n\u2019est pas un \u00eatre : tout au plus un individu \u00bb.Nietzche s\u2019exclamait \u00ab Deviens ce que tu es ! \u00bb :le Pr\u00e9sident Dia n\u2019a jamais cess\u00e9 d\u2019\u00eatre ce qu\u2019il a toujours \u00e9t\u00e9 : Un homme Bien qui a toujours eu le souci d\u2019occuper une place de choix dans l\u2019Eternit\u00e9\u02d7 la grande Histoire comme il aimait le dire. C\u2019est si comme chez cet \u00eatre exceptionnel se sont donn\u00e9s rendez-vous : le Patriotisme lucide, la Pudeur, la Pi\u00e9t\u00e9 et la Probit\u00e9 : il \u00ab n\u2019a jamais fait \u0153uvre de chair illicite \u00bb.<\/p>\n\n\n\n<p>Dia \u00e9tait \u00e9tranger \u00e0 l\u2019argent, esclave de ses principes au bord du jans\u00e9nisme, un honn\u00eate homme d\u2019avant l\u2019\u00e8re du soup\u00e7on. Il ne trichait pas et n\u2019avais que trois rep\u00e8res : le Devoir, le travail et l\u2019Etat.<\/p>\n\n\n\n<p>Le Pr\u00e9sident Dia a incarn\u00e9 sans concession les vertus qui ont toujours structur\u00e9 notre Nation, notamment le Ngor (Int\u00e9grit\u00e9 morale), le Jom (Honneur), le Jomb (Dignit\u00e9), le Fiit (Courage), le Koler\u00e9 (Reconnaissance) et enfin le Beg sa Rew (Patriotisme). Il n\u2019a jamais courb\u00e9 l\u2019\u00e9chine ni vendang\u00e9 les int\u00e9r\u00eats vitaux de son pays qui lui doit beaucoup. Il aurait fait sien ce cri de guerre de l\u2019intr\u00e9pide Barget-Diogomay-Damel-T\u00e8gneLat Dior Ngon\u00e9 Latyr Diop :<\/p>\n\n\n\n<p>\u00ab Xalagi yagess nakoo sajal \u00bb \u02ba<br>(L\u2019arc plie mais ne rompt pas)<br>Par Docteur Ibrahima D\u00e8me,<br>V\u00e9t\u00e9rinaire-Charg\u00e9 d\u2019Etudes<br>E-mail : idemgfatm@gmail.com<\/p>\n\n\n\n<p>Mame Woury Thioubou : Hommage : Pr Abdoulaye Bathily d\u00e9nonce un manque dereconnaissances. Le Quotidien N\u00b05813 du Mardi 12 juillet 2022 Page 12<\/p>\n\n\n\n<p>Khalifa Tour\u00e9 : Portrait spirituel du Pr\u00e9sident Mamadou Dia (la suite). Le Quotidien N\u00b0 4463 du mardi 30 D\u00e9cembre 2017 au 1er Janvier 2018<\/p>\n\n\n\n<p>*NB :Le Pr. Abdoulaye Ly (1919-2013) premier s\u00e9n\u00e9galais Docteur d\u2019Etat \u00e8s Lettres (Histoire) le 16 mai 1955. Il fut Directeur adjoint de l\u2019Institut fondamental d\u2019Afrique noir (Ifan) (1955-960) avec Th\u00e9odore Monod commeDirecteur.<\/p>\n\n\n\n<p>Il est aussi le fondateur et conservateur du Mus\u00e9e d\u2019Histoire de l\u2019Aof, \u00e0 Gor\u00e9e.Le Pr Ly fut aussi Ministrede la Production (1957-1958) puis Ministre d la Sant\u00e9 et des Affaire sociales (1966-1970). Il fut Secr\u00e9taire g\u00e9n\u00e9ral du Pra-S\u00e9n\u00e9gal pares avoir milit\u00e9 au Bds puis au Bps et \u00e0 l\u2019Ups.<\/p>\n\n\n\n<p>Le Pr Abdoulaye Ly est le p\u00e8re de notre grand-fr\u00e8re et Ma\u00eetre le Pr.Cheikh Ly, V\u00e9t\u00e9rinaire-Economiste et Expert-Consultant \u00e0 la FAO Il fut aussi Chef du Service Economie rurale et Gestion \u00e0 l\u2019Ecole Inter-Etats des Sciences et M\u00e9decine V\u00e9t\u00e9rinaires (EISMV) de Dakar. Nous lui renouvelons ici toute notre reconnaissance et notre affection.<\/p>\n\n\n\n<p>Par Docteur Ibrahima D\u00e8me<br><\/p>\n","protected":false},"excerpt":{"rendered":"<p>\u00ab Celui qui vient au monde pour ne rien troubler : ne m\u00e9rite ni \u00e9gards ni patience \u00bb (Ren\u00e9 Char)<\/p>\n","protected":false},"author":1,"featured_media":38688,"comment_status":"open","ping_status":"open","sticky":false,"template":"","format":"standard","meta":{"footnotes":""},"categories":[6],"tags":[],"class_list":["post-38687","post","type-post","status-publish","format-standard","has-post-thumbnail","hentry","category-politics"],"_links":{"self":[{"href":"https:\/\/dekkbi.com\/index.php?rest_route=\/wp\/v2\/posts\/38687","targetHints":{"allow":["GET"]}}],"collection":[{"href":"https:\/\/dekkbi.com\/index.php?rest_route=\/wp\/v2\/posts"}],"about":[{"href":"https:\/\/dekkbi.com\/index.php?rest_route=\/wp\/v2\/types\/post"}],"author":[{"embeddable":true,"href":"https:\/\/dekkbi.com\/index.php?rest_route=\/wp\/v2\/users\/1"}],"replies":[{"embeddable":true,"href":"https:\/\/dekkbi.com\/index.php?rest_route=%2Fwp%2Fv2%2Fcomments&post=38687"}],"version-history":[{"count":1,"href":"https:\/\/dekkbi.com\/index.php?rest_route=\/wp\/v2\/posts\/38687\/revisions"}],"predecessor-version":[{"id":38689,"href":"https:\/\/dekkbi.com\/index.php?rest_route=\/wp\/v2\/posts\/38687\/revisions\/38689"}],"wp:featuredmedia":[{"embeddable":true,"href":"https:\/\/dekkbi.com\/index.php?rest_route=\/wp\/v2\/media\/38688"}],"wp:attachment":[{"href":"https:\/\/dekkbi.com\/index.php?rest_route=%2Fwp%2Fv2%2Fmedia&parent=38687"}],"wp:term":[{"taxonomy":"category","embeddable":true,"href":"https:\/\/dekkbi.com\/index.php?rest_route=%2Fwp%2Fv2%2Fcategories&post=38687"},{"taxonomy":"post_tag","embeddable":true,"href":"https:\/\/dekkbi.com\/index.php?rest_route=%2Fwp%2Fv2%2Ftags&post=38687"}],"curies":[{"name":"wp","href":"https:\/\/api.w.org\/{rel}","templated":true}]}}