{"id":38685,"date":"2024-07-18T10:25:06","date_gmt":"2024-07-18T10:25:06","guid":{"rendered":"https:\/\/dekkbi.com\/?p=38685"},"modified":"2024-07-18T10:27:23","modified_gmt":"2024-07-18T10:27:23","slug":"un-ministere-du-culte-autonome-pour-2025-ousmane-sonko-devoile-son-plan-pour-les-affaires-religieuses","status":"publish","type":"post","link":"https:\/\/dekkbi.com\/?p=38685","title":{"rendered":"Un Minist\u00e8re du Culte autonome pour 2025 : Ousmane Sonko d\u00e9voile son plan pour les affaires religieuses"},"content":{"rendered":"\n<h3 class=\"wp-block-heading\">Le Premier ministre Ousmane Sonko a r\u00e9cemment d\u00e9voil\u00e9 un projet ambitieux visant \u00e0 instaurer un Minist\u00e8re du Culte au S\u00e9n\u00e9gal, effectif d\u00e8s 2025. D\u2019apr\u00e8s Seneneews.com, cette annonce a \u00e9t\u00e9 faite lors d&rsquo;une rencontre avec la d\u00e9l\u00e9gation de l\u2019association Jama-Atoun Nour Assouniya, conduite par Mouhamadou Makhtar Ciss\u00e9, qui a partag\u00e9 les avanc\u00e9es des travaux de la grande mosqu\u00e9e de Tivaouane et son inauguration prochaine.<\/h3>\n\n\n\n<p>\u00ab En 2025, nous inaugurerons notre premier budget autonome, avec des fonds sp\u00e9cifiquement d\u00e9di\u00e9s au culte \u00bb, a d\u00e9clar\u00e9 le Premier ministre. Ce nouveau minist\u00e8re, selon Sonko, b\u00e9n\u00e9ficiera d&rsquo;une ind\u00e9pendance financi\u00e8re et sera charg\u00e9 de r\u00e9guler les affaires religieuses au S\u00e9n\u00e9gal.<\/p>\n\n\n\n<p>Sonko a soulign\u00e9 l&rsquo;importance de la religion dans la vie des S\u00e9n\u00e9galais, la pla\u00e7ant au m\u00eame niveau que des secteurs vitaux comme la sant\u00e9, les infrastructures et l\u2019\u00e9lectrification.<\/p>\n\n\n\n<p>\u00ab La cr\u00e9ation de ce minist\u00e8re r\u00e9pond \u00e0 un besoin fondamental de notre soci\u00e9t\u00e9 \u00bb, a-t-il ajout\u00e9, insistant sur le r\u00f4le crucial que ce d\u00e9partement jouera dans le paysage gouvernemental.<\/p>\n","protected":false},"excerpt":{"rendered":"<p>Le Premier ministre Ousmane Sonko a r\u00e9cemment d\u00e9voil\u00e9 un projet ambitieux visant \u00e0 instaurer un Minist\u00e8re du Culte au S\u00e9n\u00e9gal,<\/p>\n","protected":false},"author":1,"featured_media":38262,"comment_status":"open","ping_status":"open","sticky":false,"template":"","format":"standard","meta":{"footnotes":""},"categories":[6],"tags":[],"class_list":["post-38685","post","type-post","status-publish","format-standard","has-post-thumbnail","hentry","category-politics"],"_links":{"self":[{"href":"https:\/\/dekkbi.com\/index.php?rest_route=\/wp\/v2\/posts\/38685","targetHints":{"allow":["GET"]}}],"collection":[{"href":"https:\/\/dekkbi.com\/index.php?rest_route=\/wp\/v2\/posts"}],"about":[{"href":"https:\/\/dekkbi.com\/index.php?rest_route=\/wp\/v2\/types\/post"}],"author":[{"embeddable":true,"href":"https:\/\/dekkbi.com\/index.php?rest_route=\/wp\/v2\/users\/1"}],"replies":[{"embeddable":true,"href":"https:\/\/dekkbi.com\/index.php?rest_route=%2Fwp%2Fv2%2Fcomments&post=38685"}],"version-history":[{"count":1,"href":"https:\/\/dekkbi.com\/index.php?rest_route=\/wp\/v2\/posts\/38685\/revisions"}],"predecessor-version":[{"id":38686,"href":"https:\/\/dekkbi.com\/index.php?rest_route=\/wp\/v2\/posts\/38685\/revisions\/38686"}],"wp:featuredmedia":[{"embeddable":true,"href":"https:\/\/dekkbi.com\/index.php?rest_route=\/wp\/v2\/media\/38262"}],"wp:attachment":[{"href":"https:\/\/dekkbi.com\/index.php?rest_route=%2Fwp%2Fv2%2Fmedia&parent=38685"}],"wp:term":[{"taxonomy":"category","embeddable":true,"href":"https:\/\/dekkbi.com\/index.php?rest_route=%2Fwp%2Fv2%2Fcategories&post=38685"},{"taxonomy":"post_tag","embeddable":true,"href":"https:\/\/dekkbi.com\/index.php?rest_route=%2Fwp%2Fv2%2Ftags&post=38685"}],"curies":[{"name":"wp","href":"https:\/\/api.w.org\/{rel}","templated":true}]}}