{"id":38680,"date":"2024-07-18T10:22:38","date_gmt":"2024-07-18T10:22:38","guid":{"rendered":"https:\/\/dekkbi.com\/?p=38680"},"modified":"2024-07-18T10:46:27","modified_gmt":"2024-07-18T10:46:27","slug":"omv-gestion-des-urgences-en-afrique-a-la-recherche-de-solutions-durables","status":"publish","type":"post","link":"https:\/\/dekkbi.com\/?p=38680","title":{"rendered":"Organisation mondiale de la sant\u00e9 \u2013 Gestion des urgences en Afrique: A la recherche de solutions durables"},"content":{"rendered":"\n<p><strong>Chaque ann\u00e9e, la R\u00e9gion africaine est confront\u00e9e au plus grand nombre de situations d\u2019urgence sanitaire dans le monde. En novembre 2023, elle fait face \u00e0 plus de 130 \u00e9pid\u00e9mies de maladies. Dans le Sahel, en Afrique de l\u2019Ouest, plus de 33 millions de personnes, r\u00e9parties dans six pays, on t besoin urgemment d\u2019une aide humanitaire d\u2019importance vitale.<\/strong><\/p>\n\n\n\n<p><strong>Par Alioune Badara CISS \u2013&nbsp;<\/strong>La gestion des situations d\u2019urgence est une vraie pr\u00e9occupation en Afrique confront\u00e9e r\u00e9guli\u00e8rement \u00e0 des \u00e9pid\u00e9mies. Pour apporter des r\u00e9ponses \u00e0 ces questions, l\u2019Organisation mondiale de la sant\u00e9 (Oms) a ouvert \u00e0 Pointe Sar\u00e8ne, la r\u00e9union inaugurale du groupe consultatif technique du Bureau r\u00e9gional pour l\u2019Afrique sur la pr\u00e9paration et la riposte aux situations d\u2019urgence. Cette rencontre a pour mission de donner des orientations strat\u00e9giques sur toutes les questions relatives \u00e0 la pr\u00e9paration et \u00e0 la riposte aux urgences de sant\u00e9 publique. \u00abCompos\u00e9 de 16 experts distingu\u00e9s, s\u00e9lectionn\u00e9s selon un processus de candidature rigoureux, plus de 600 experts avaient pr\u00e9sent\u00e9 leurs candidatures, le groupe contient une richesse de comp\u00e9tences interdisciplinaires. Le but est de g\u00e9n\u00e9rer des recommandations sp\u00e9cifiques et r\u00e9alisables sur des sujets de pr\u00e9occupation urgente dans le cadre de la pr\u00e9paration et la r\u00e9ponse aux urgences sanitaires\u00bb, souligne le repr\u00e9sentant-r\u00e9sident de l\u2019Oms au S\u00e9n\u00e9gal.<\/p>\n\n\n\n<p>Il a \u00e9galement d\u00e9clar\u00e9 que la R\u00e9gion africaine a connu, ces derni\u00e8res ann\u00e9es, une recrudescence des \u00e9pid\u00e9mies de maladies \u00e9vitables par la vaccination. \u00abParmi les 131 urgences et \u00e9pid\u00e9mies en cours, 52% sont \u00e9vitables par la vaccination, notamment des maladies telles que le chol\u00e9ra, la poliomy\u00e9lite, la rougeole, la fi\u00e8vre jaune et la dipht\u00e9rie. Lorsqu\u2019une urgence est d\u00e9clar\u00e9e et qu\u2019elle est \u00e9vitable par la vaccination, il est essentiel que les programmes d\u2019intervention d\u2019urgence et de vaccination soient align\u00e9s, travaillant en \u00e9troite collaboration, avec un objectif commun : arr\u00eater l\u2019\u00e9pid\u00e9mie et r\u00e9duire la morbidit\u00e9 et la mortalit\u00e9\u00bb, indique Jean-Marie Vianny Yameogo.<\/p>\n\n\n\n<p>Selon Dr Abdou Salam Gu\u00e8ye, directeur r\u00e9gional des Urgences en Afrique, le r\u00f4le de ces experts africains est de venir conseiller la directrice r\u00e9gionale en mati\u00e8re d\u2019urgence. \u00abQuand on parle d\u2019urgence, c\u2019est la pr\u00e9vention, la pr\u00e9paration, la r\u00e9ponse et le recovery en cas d\u2019urgence. Ils vont travailler sur des th\u00e9matiques qui n\u2019englobent pas bien s\u00fbr toutes les urgences car c\u2019est difficile de le faire, mais \u00e7a va englober les ressources humaines en mati\u00e8re d\u2019urgence, \u00e7a va englober ce qui concerne la pr\u00e9paration en mati\u00e8re d\u2019urgence et surtout \u00e7a va englober les aspects de financer des urgences. Et ce sont des conseils qui seront remis \u00e0 notre directrice r\u00e9gionale pour que \u00e7a soit mis en \u0153uvre\u00bb, dit-il.<\/p>\n\n\n\n<p><br>Interpell\u00e9 sur la situation des urgences en Afrique, Dr Abdou Salam Gu\u00e8ye soutient que l\u2019Afrique a beaucoup de situations \u00e0 g\u00e9rer. \u00abUne partie de ces urgences est li\u00e9e \u00e0 des \u00e9pid\u00e9mies, c\u2019est-\u00e0-dire \u00e0 des maladies, il y a d\u2019autres parties qui sont li\u00e9es \u00e0 des catastrophes. Que ce soit des catastrophes naturelles ou des catastrophes cr\u00e9\u00e9es par des \u00eatres humains. L\u2019Afrique repr\u00e9sente plus de la moiti\u00e9 des urgences dans le monde, et aussi comme on sait que l\u2019Afrique n\u2019a pas beaucoup de ressources, le r\u00f4le de l\u2019Oms devient beaucoup plus important quand on est en Afrique. On travaille avec nos 47 pays membres pour les accompagner dans la d\u00e9tection des urgences, dans la pr\u00e9paration des urgences et dans la r\u00e9ponse des urgences. La plupart du temps, 80% des urgences en Afrique sont des urgences li\u00e9es \u00e0 des maladies et 20% sont des urgences qui sont li\u00e9es aux catastrophes\u00bb, estime Dr Gu\u00e8ye.<\/p>\n\n\n\n<p><strong>L\u2019exemple du Cous<\/strong><\/p>\n\n\n\n<p><br>Face \u00e0 ces situations, que faire&nbsp;? Il cite l\u2019exemple du S\u00e9n\u00e9gal. \u00abIl y a beaucoup d\u2019urgences qui sont li\u00e9es aux maladies, si nous regardons les 20 derni\u00e8res ann\u00e9es dans les \u00e9tudes qui ont \u00e9t\u00e9 faites. Mais ceci ne d\u00e9termine pas seulement que le S\u00e9n\u00e9gal est plus vuln\u00e9rable, mais qu\u2019il a un syst\u00e8me de d\u00e9tection des urgences qui est assez efficace et des laboratoires comme l\u2019Institut Pasteur qui est tr\u00e8s efficace, il permet de d\u00e9tecter toutes les urgences\u00bb, explique-t-il.<br>Le ministre de la Sant\u00e9 et de l\u2019action sociale, Ibrahima Sy, qui pr\u00e9sidait l\u2019ouverture des travaux, attend des recommandations fortes, r\u00e9alistes, innovantes et mesurables pour prendre en charge cette probl\u00e9matique sanitaire. \u00abQuand on parle aujourd\u2019hui des urgences sanitaires en Afrique, la question qui se pose est&nbsp;: est-ce que nos syst\u00e8mes de sant\u00e9 sont tr\u00e8s bien pr\u00e9par\u00e9s ? Est-ce que nos populations sont bien inform\u00e9es ? Est-ce que nos personnels de sant\u00e9 sont bien sensibilis\u00e9s par rapport \u00e0 cette question pour r\u00e9agir \u00e0 temps ? Parce que souvent la question des urgences sanitaires est g\u00e9r\u00e9e \u00e0 un niveau qui est central, alors qu\u2019aujourd\u2019hui, quand on parle de la riposte, elle doit se faire au niveau local. Ces recommandations pourraient \u00eatre int\u00e9gr\u00e9es dans notre dispositif de gestion des urgences parce qu\u2019au S\u00e9n\u00e9gal, on a le Centre des op\u00e9rations d\u2019urgences sanitaires (Cous)\u00bb, assure M. Sy. Pour lui, il faut \u00eatre s\u00fbr que cela fonctionne au niveau local. \u00abIl faut s\u2019assurer qu\u2019on a tout le dispositif, le personnel de sant\u00e9 qui ma\u00eetrise tr\u00e8s bien le protocole, les proc\u00e9dures et toutes les techniques qui permettent de r\u00e9agir \u00e0 temps et d\u2019\u00e9viter des risques beaucoup plus importants pour les populations. Cela se fera surtout avec l\u2019aide de nos partenaires techniques et financiers dont l\u2019Oms, mais aussi une bonne prise en charge des besoins des structures de sant\u00e9 dont les postes de sant\u00e9, les centres de sant\u00e9 qui sont dans le domaine des soins de sant\u00e9 primaires. Il faut que les urgences int\u00e8grent cette dimension soins de sant\u00e9 primaires, qui concernent \u00e0 peu pr\u00e8s 65% de la population\u00bb, rappelle le ministre de la Sant\u00e9 et de l\u2019action sociale.<\/p>\n\n\n\n<p><br><strong>abciss@lequotidien.sn<\/strong><\/p>\n","protected":false},"excerpt":{"rendered":"<p>Chaque ann\u00e9e, la R\u00e9gion africaine est confront\u00e9e au plus grand nombre de situations d\u2019urgence sanitaire dans le monde. En novembre<\/p>\n","protected":false},"author":1,"featured_media":38681,"comment_status":"open","ping_status":"open","sticky":false,"template":"","format":"standard","meta":{"footnotes":""},"categories":[51],"tags":[],"class_list":["post-38680","post","type-post","status-publish","format-standard","has-post-thumbnail","hentry","category-general"],"_links":{"self":[{"href":"https:\/\/dekkbi.com\/index.php?rest_route=\/wp\/v2\/posts\/38680","targetHints":{"allow":["GET"]}}],"collection":[{"href":"https:\/\/dekkbi.com\/index.php?rest_route=\/wp\/v2\/posts"}],"about":[{"href":"https:\/\/dekkbi.com\/index.php?rest_route=\/wp\/v2\/types\/post"}],"author":[{"embeddable":true,"href":"https:\/\/dekkbi.com\/index.php?rest_route=\/wp\/v2\/users\/1"}],"replies":[{"embeddable":true,"href":"https:\/\/dekkbi.com\/index.php?rest_route=%2Fwp%2Fv2%2Fcomments&post=38680"}],"version-history":[{"count":2,"href":"https:\/\/dekkbi.com\/index.php?rest_route=\/wp\/v2\/posts\/38680\/revisions"}],"predecessor-version":[{"id":38706,"href":"https:\/\/dekkbi.com\/index.php?rest_route=\/wp\/v2\/posts\/38680\/revisions\/38706"}],"wp:featuredmedia":[{"embeddable":true,"href":"https:\/\/dekkbi.com\/index.php?rest_route=\/wp\/v2\/media\/38681"}],"wp:attachment":[{"href":"https:\/\/dekkbi.com\/index.php?rest_route=%2Fwp%2Fv2%2Fmedia&parent=38680"}],"wp:term":[{"taxonomy":"category","embeddable":true,"href":"https:\/\/dekkbi.com\/index.php?rest_route=%2Fwp%2Fv2%2Fcategories&post=38680"},{"taxonomy":"post_tag","embeddable":true,"href":"https:\/\/dekkbi.com\/index.php?rest_route=%2Fwp%2Fv2%2Ftags&post=38680"}],"curies":[{"name":"wp","href":"https:\/\/api.w.org\/{rel}","templated":true}]}}