{"id":38672,"date":"2024-07-18T10:16:29","date_gmt":"2024-07-18T10:16:29","guid":{"rendered":"https:\/\/dekkbi.com\/?p=38672"},"modified":"2024-07-18T10:16:29","modified_gmt":"2024-07-18T10:16:29","slug":"saint-louis-les-defis-de-la-gouvernance-des-ressources-naturelles-au-coeur-des-echanges","status":"publish","type":"post","link":"https:\/\/dekkbi.com\/?p=38672","title":{"rendered":"Saint-Louis: Les d\u00e9fis de la gouvernance des ressources naturelles, au c\u0153ur des \u00e9changes"},"content":{"rendered":"\n<h3 class=\"wp-block-heading\">LERAL &#8211; La capitale du Nord a abrit\u00e9 une conf\u00e9rence sur les d\u00e9fis de la gouvernance des ressources naturelles. <\/h3>\n\n\n\n<p>Une conf\u00e9rence organis\u00e9e par l&rsquo;Association des juristes africains (AJA), qui a vu la participation de magistrats, d&rsquo;avocats et d&rsquo;autres autorit\u00e9s judiciaires. <\/p>\n\n\n\n<p>Une occasion pour le coordonnateur de l&rsquo;AJA, Papa Ogo Seck, de saluer les efforts consentis sur le plan de la d\u00e9mocratie \u00e9conomique au S\u00e9n\u00e9gal, avec la mise en place d\u2019organes de pilotage, de coordination et de suivi du d\u00e9veloppement des ressources naturelles.<\/p>\n\n\n\n<p>Il exhorte les populations \u00e0 apporter leurs contributions, autour d\u2019un cadre de contr\u00f4le qui pourrait leur permettre de jouir de ce qui leur revient.<\/p>\n\n\n\n<figure class=\"wp-block-embed is-type-rich is-provider-prise-en-charge-des-contenus-embarqu-s wp-block-embed-prise-en-charge-des-contenus-embarqu-s wp-embed-aspect-16-9 wp-has-aspect-ratio\"><div class=\"wp-block-embed__wrapper\">\n<iframe loading=\"lazy\" title=\"Saint-Louis : Les d\u00e9fis de la gouvernance des ressources naturelles au c\u0153ur des \u00e9changes\" width=\"800\" height=\"450\" src=\"https:\/\/www.youtube.com\/embed\/CjEL0peRhTo?feature=oembed\" frameborder=\"0\" allow=\"accelerometer; autoplay; clipboard-write; encrypted-media; gyroscope; picture-in-picture; web-share\" referrerpolicy=\"strict-origin-when-cross-origin\" allowfullscreen><\/iframe>\n<\/div><\/figure>\n","protected":false},"excerpt":{"rendered":"<p>LERAL &#8211; La capitale du Nord a abrit\u00e9 une conf\u00e9rence sur les d\u00e9fis de la gouvernance des ressources naturelles. Une<\/p>\n","protected":false},"author":1,"featured_media":10241,"comment_status":"open","ping_status":"open","sticky":false,"template":"","format":"standard","meta":{"footnotes":""},"categories":[21],"tags":[],"class_list":["post-38672","post","type-post","status-publish","format-standard","has-post-thumbnail","hentry","category-societe"],"_links":{"self":[{"href":"https:\/\/dekkbi.com\/index.php?rest_route=\/wp\/v2\/posts\/38672","targetHints":{"allow":["GET"]}}],"collection":[{"href":"https:\/\/dekkbi.com\/index.php?rest_route=\/wp\/v2\/posts"}],"about":[{"href":"https:\/\/dekkbi.com\/index.php?rest_route=\/wp\/v2\/types\/post"}],"author":[{"embeddable":true,"href":"https:\/\/dekkbi.com\/index.php?rest_route=\/wp\/v2\/users\/1"}],"replies":[{"embeddable":true,"href":"https:\/\/dekkbi.com\/index.php?rest_route=%2Fwp%2Fv2%2Fcomments&post=38672"}],"version-history":[{"count":1,"href":"https:\/\/dekkbi.com\/index.php?rest_route=\/wp\/v2\/posts\/38672\/revisions"}],"predecessor-version":[{"id":38674,"href":"https:\/\/dekkbi.com\/index.php?rest_route=\/wp\/v2\/posts\/38672\/revisions\/38674"}],"wp:featuredmedia":[{"embeddable":true,"href":"https:\/\/dekkbi.com\/index.php?rest_route=\/wp\/v2\/media\/10241"}],"wp:attachment":[{"href":"https:\/\/dekkbi.com\/index.php?rest_route=%2Fwp%2Fv2%2Fmedia&parent=38672"}],"wp:term":[{"taxonomy":"category","embeddable":true,"href":"https:\/\/dekkbi.com\/index.php?rest_route=%2Fwp%2Fv2%2Fcategories&post=38672"},{"taxonomy":"post_tag","embeddable":true,"href":"https:\/\/dekkbi.com\/index.php?rest_route=%2Fwp%2Fv2%2Ftags&post=38672"}],"curies":[{"name":"wp","href":"https:\/\/api.w.org\/{rel}","templated":true}]}}