{"id":38621,"date":"2024-07-17T10:37:17","date_gmt":"2024-07-17T10:37:17","guid":{"rendered":"https:\/\/dekkbi.com\/?p=38621"},"modified":"2024-07-17T10:37:27","modified_gmt":"2024-07-17T10:37:27","slug":"crise-chez-les-voyagistes-prives-la-compagnie-air-senegal-pointee-du-doigt","status":"publish","type":"post","link":"https:\/\/dekkbi.com\/?p=38621","title":{"rendered":"Crise chez les voyagistes priv\u00e9s : La compagnie Air S\u00e9n\u00e9gal point\u00e9e du doigt"},"content":{"rendered":"\n<h3 class=\"wp-block-heading\">Les voyagistes priv\u00e9s sont en proie \u00e0 de graves difficult\u00e9s financi\u00e8res et risquent de devoir licencier des employ\u00e9s. Ils accusent Air S\u00e9n\u00e9gal de leur mettre des b\u00e2tons dans les roues. Selon eux, la compagnie a\u00e9rienne \u00ab\u00a0pr\u00e9f\u00e8re travailler avec des \u00e9trangers au d\u00e9triment de l\u2019expertise nationale\u00a0\u00bb.<\/h3>\n\n\n\n<p>Un voyagiste ayant contact\u00e9 B\u00e9s Bi se montre plus pr\u00e9cis : \u00ab\u00a0Nous vivons une situation tr\u00e8s d\u00e9plorable et incompr\u00e9hensible. J&rsquo;ai constat\u00e9 une magouille entre Air S\u00e9n\u00e9gal et une agence de voyage bas\u00e9e \u00e0 Casablanca, au Maroc.<\/p>\n\n\n\n<p> En tant que compagnie nationale, Air S\u00e9n\u00e9gal devrait privil\u00e9gier la pr\u00e9f\u00e9rence nationale. Mais, \u00e0 chaque \u00e9v\u00e9nement religieux comme la f\u00eate de Tamkharite, le ziara de F\u00e8s ou le Gamou, nos demandes de cotation pour des si\u00e8ges sont syst\u00e9matiquement probl\u00e9matiques depuis trois ans. <\/p>\n\n\n\n<p>Les prix des cotations sont \u00e9lev\u00e9s.\u00a0\u00bbCes op\u00e9rateurs priv\u00e9s rappellent que pour le Leylatoul khadr (la Nuit du destin) pass\u00e9, la cotation de si\u00e8ges \u00e9tait de 415 000 FCFA, assortie de p\u00e9nalit\u00e9s.<\/p>\n\n\n\n<p>\u00ab\u00a0Ces p\u00e9nalit\u00e9s, jusqu\u2019\u00e0 90 jours du d\u00e9part, sont de 2% du tarif. De 89 \u00e0 60 jours, elles montent \u00e0 20%, de 59 \u00e0 30 jours, \u00e0 30%, et de 29 \u00e0 15 jours, la p\u00e9nalit\u00e9 atteint 100% du tarif. <\/p>\n\n\n\n<p>Alors qu&rsquo;Air S\u00e9n\u00e9gal appliquait ces p\u00e9nalit\u00e9s, l\u2019agence marocaine ne le faisait pas,\u00a0\u00bb confient-ils.<\/p>\n\n\n\n<p>Selon les m\u00eames sources de Bes Bi, \u00ab\u00a0Air S\u00e9n\u00e9gal vend \u00e0 415 000 francs avec des p\u00e9nalit\u00e9s, alors que l\u2019agence marocaine, partenaire de la compagnie, vend les billets \u00e0 395 000 francs sans aucune p\u00e9nalit\u00e9.\u00a0\u00bb <\/p>\n\n\n\n<p>Les voyagistes priv\u00e9s ne dig\u00e8rent pas qu&rsquo;Air S\u00e9n\u00e9gal ait lou\u00e9 un avion \u00e0 cette agence. \u00ab\u00a0La compagnie doit se rappeler qu&rsquo;elle appartient au S\u00e9n\u00e9gal. Elle monopolise le march\u00e9 et vend plus cher en justifiant cela par la garantie des si\u00e8ges. <\/p>\n\n\n\n<p>Les S\u00e9n\u00e9galais devraient \u00eatre prioritaires par rapport aux Marocains,\u00a0\u00bb insistent-ils.Du c\u00f4t\u00e9 d&rsquo;Air S\u00e9n\u00e9gal, nous dit le journal, il a \u00e9t\u00e9 impossible de joindre les responsables. Malgr\u00e9 plusieurs appels, le t\u00e9l\u00e9phone reste sans r\u00e9ponse.<\/p>\n\n\n\n<p>MD LERAL<\/p>\n\n\n\n<p><\/p>\n","protected":false},"excerpt":{"rendered":"<p>Les voyagistes priv\u00e9s sont en proie \u00e0 de graves difficult\u00e9s financi\u00e8res et risquent de devoir licencier des employ\u00e9s. Ils accusent<\/p>\n","protected":false},"author":1,"featured_media":29120,"comment_status":"open","ping_status":"open","sticky":false,"template":"","format":"standard","meta":{"footnotes":""},"categories":[3],"tags":[],"class_list":["post-38621","post","type-post","status-publish","format-standard","has-post-thumbnail","hentry","category-event-more-news"],"_links":{"self":[{"href":"https:\/\/dekkbi.com\/index.php?rest_route=\/wp\/v2\/posts\/38621","targetHints":{"allow":["GET"]}}],"collection":[{"href":"https:\/\/dekkbi.com\/index.php?rest_route=\/wp\/v2\/posts"}],"about":[{"href":"https:\/\/dekkbi.com\/index.php?rest_route=\/wp\/v2\/types\/post"}],"author":[{"embeddable":true,"href":"https:\/\/dekkbi.com\/index.php?rest_route=\/wp\/v2\/users\/1"}],"replies":[{"embeddable":true,"href":"https:\/\/dekkbi.com\/index.php?rest_route=%2Fwp%2Fv2%2Fcomments&post=38621"}],"version-history":[{"count":1,"href":"https:\/\/dekkbi.com\/index.php?rest_route=\/wp\/v2\/posts\/38621\/revisions"}],"predecessor-version":[{"id":38622,"href":"https:\/\/dekkbi.com\/index.php?rest_route=\/wp\/v2\/posts\/38621\/revisions\/38622"}],"wp:featuredmedia":[{"embeddable":true,"href":"https:\/\/dekkbi.com\/index.php?rest_route=\/wp\/v2\/media\/29120"}],"wp:attachment":[{"href":"https:\/\/dekkbi.com\/index.php?rest_route=%2Fwp%2Fv2%2Fmedia&parent=38621"}],"wp:term":[{"taxonomy":"category","embeddable":true,"href":"https:\/\/dekkbi.com\/index.php?rest_route=%2Fwp%2Fv2%2Fcategories&post=38621"},{"taxonomy":"post_tag","embeddable":true,"href":"https:\/\/dekkbi.com\/index.php?rest_route=%2Fwp%2Fv2%2Ftags&post=38621"}],"curies":[{"name":"wp","href":"https:\/\/api.w.org\/{rel}","templated":true}]}}