{"id":38616,"date":"2024-07-17T10:27:48","date_gmt":"2024-07-17T10:27:48","guid":{"rendered":"https:\/\/dekkbi.com\/?p=38616"},"modified":"2024-07-17T10:27:48","modified_gmt":"2024-07-17T10:27:48","slug":"arrestation-de-deux-employes-de-vicas-pour-vol-de-couvercles-degout-les-responsables-de-lentreprise-condamnent-et-rassurent","status":"publish","type":"post","link":"https:\/\/dekkbi.com\/?p=38616","title":{"rendered":"Arrestation de deux employ\u00e9s de VICAS pour vol de couvercles d&rsquo;\u00e9gout : Les responsables de l\u2019entreprise condamnent et rassurent\u2026"},"content":{"rendered":"\n<p>VICAS, une entreprise s\u00e9n\u00e9galaise reconnue dans le secteur de l&rsquo;assainissement, traverse une situation d\u00e9licate, apr\u00e8s l&rsquo;arrestation r\u00e9cente de deux de ses employ\u00e9s, pour vol de couvercles d&rsquo;\u00e9gout. Cet \u00e9v\u00e9nement a provoqu\u00e9 une onde de choc au sein de l\u2019entreprise et dans la communaut\u00e9, soulevant des questions sur l&rsquo;int\u00e9grit\u00e9 et la supervision des op\u00e9rations.<\/p>\n\n\n\n<p>Dans une d\u00e9claration, VICAS a exprim\u00e9 sa profonde pr\u00e9occupation face \u00e0 l&rsquo;incident, soulignant son engagement envers l&rsquo;int\u00e9grit\u00e9, la transparence et la responsabilit\u00e9. La soci\u00e9t\u00e9 a fermement condamn\u00e9 les actes des employ\u00e9s impliqu\u00e9s et a pris des mesures imm\u00e9diates pour suspendre les individus incrimin\u00e9s.\u00ab L&rsquo;arrestation de Papa Abdou Karim Mbengue et Abdou Diouf est un \u00e9v\u00e9nement extr\u00eamement regrettable et isol\u00e9.<\/p>\n\n\n\n<p> VICAS condamne fermement tout comportement ill\u00e9gal et s&rsquo;engage \u00e0 coop\u00e9rer pleinement avec les autorit\u00e9s, pour faire toute la lumi\u00e8re sur cette affaire. Les employ\u00e9s impliqu\u00e9s ont \u00e9t\u00e9 suspendus imm\u00e9diatement \u00bb, a-t-elle d\u00e9clar\u00e9.<\/p>\n\n\n\n<p>VICAS a \u00e9galement soulign\u00e9 que les employ\u00e9s en question \u00e9taient des \u00e9boueurs manuels, sous contrat \u00e0 dur\u00e9e d\u00e9termin\u00e9e, b\u00e9n\u00e9ficiant d\u2019avantages tels que la prise en charge m\u00e9dicale et des primes de rendement.<\/p>\n\n\n\n<p> Leur contrat touche \u00e0 sa fin dans quelques mois et ils \u00e9taient en service r\u00e9gulier au moment des \u00e9v\u00e9nements pr\u00e9sum\u00e9s, travaillant dans des t\u00e2ches assign\u00e9es de nettoyage des canaux.\u00ab Nous tenons \u00e0 pr\u00e9ciser que les deux employ\u00e9s mis en cause, sont des \u00e9boueurs manuels sous contrat \u00e0 dur\u00e9e d\u00e9termin\u00e9e (CDD), b\u00e9n\u00e9ficiant d\u2019une prise en charge m\u00e9dicale et de primes de rendement attractives.<\/p>\n\n\n\n<p> Leurs contrats arrivent \u00e0 terme dans quelques mois. Les \u00e9boueurs \u00e9taient en service \u00e0 Grand-Yoff pendant les heures de travail, de 8h \u00e0 16h et devaient faire partie de l\u2019\u00e9quipe charg\u00e9e de curer les canaux \u00e0 Pikine, le lendemain \u00bb, a-t-elle ajout\u00e9.<\/p>\n\n\n\n<p>La soci\u00e9t\u00e9 a exprim\u00e9 son incompr\u00e9hension et son indignation devant le fait que ces employ\u00e9s aient \u00e9t\u00e9 impliqu\u00e9s dans des activit\u00e9s illicites en dehors de leurs heures de travail et loin de leur lieu de service pr\u00e9vu.<\/p>\n\n\n\n<p>\u00ab Il est donc incompr\u00e9hensible et inacceptable que ces agents, cens\u00e9s \u00eatre au repos, se retrouvent en pleine nuit dans leur quartier de la M\u00e9dina, commettant des actes r\u00e9pr\u00e9hensibles en dehors de leurs heures de travail. <\/p>\n\n\n\n<p>VICAS ne saurait cautionner de tels actes et d\u00e9cline toute responsabilit\u00e9 \u00bb, a-t-elle pr\u00e9cis\u00e9.En r\u00e9ponse aux pr\u00e9occupations de ses partenaires et de la communaut\u00e9, VICAS a r\u00e9affirm\u00e9 son engagement \u00e0 maintenir la confiance, en adoptant des mesures strictes pour assurer l&rsquo;int\u00e9grit\u00e9 de toutes ses op\u00e9rations. <\/p>\n\n\n\n<p>La soci\u00e9t\u00e9 s&rsquo;engage \u00e0 maintenir une communication ouverte et transparente avec ses partenaires, ses clients et le grand public, pour restaurer et pr\u00e9server sa r\u00e9putation.<\/p>\n\n\n\n<p>Birame Khary Ndaw<\/p>\n\n\n\n<p>LERAL<\/p>\n\n\n\n<p><\/p>\n\n\n\n<p><\/p>\n","protected":false},"excerpt":{"rendered":"<p>VICAS, une entreprise s\u00e9n\u00e9galaise reconnue dans le secteur de l&rsquo;assainissement, traverse une situation d\u00e9licate, apr\u00e8s l&rsquo;arrestation r\u00e9cente de deux de<\/p>\n","protected":false},"author":1,"featured_media":38617,"comment_status":"open","ping_status":"open","sticky":false,"template":"","format":"standard","meta":{"footnotes":""},"categories":[21],"tags":[],"class_list":["post-38616","post","type-post","status-publish","format-standard","has-post-thumbnail","hentry","category-societe"],"_links":{"self":[{"href":"https:\/\/dekkbi.com\/index.php?rest_route=\/wp\/v2\/posts\/38616","targetHints":{"allow":["GET"]}}],"collection":[{"href":"https:\/\/dekkbi.com\/index.php?rest_route=\/wp\/v2\/posts"}],"about":[{"href":"https:\/\/dekkbi.com\/index.php?rest_route=\/wp\/v2\/types\/post"}],"author":[{"embeddable":true,"href":"https:\/\/dekkbi.com\/index.php?rest_route=\/wp\/v2\/users\/1"}],"replies":[{"embeddable":true,"href":"https:\/\/dekkbi.com\/index.php?rest_route=%2Fwp%2Fv2%2Fcomments&post=38616"}],"version-history":[{"count":1,"href":"https:\/\/dekkbi.com\/index.php?rest_route=\/wp\/v2\/posts\/38616\/revisions"}],"predecessor-version":[{"id":38618,"href":"https:\/\/dekkbi.com\/index.php?rest_route=\/wp\/v2\/posts\/38616\/revisions\/38618"}],"wp:featuredmedia":[{"embeddable":true,"href":"https:\/\/dekkbi.com\/index.php?rest_route=\/wp\/v2\/media\/38617"}],"wp:attachment":[{"href":"https:\/\/dekkbi.com\/index.php?rest_route=%2Fwp%2Fv2%2Fmedia&parent=38616"}],"wp:term":[{"taxonomy":"category","embeddable":true,"href":"https:\/\/dekkbi.com\/index.php?rest_route=%2Fwp%2Fv2%2Fcategories&post=38616"},{"taxonomy":"post_tag","embeddable":true,"href":"https:\/\/dekkbi.com\/index.php?rest_route=%2Fwp%2Fv2%2Ftags&post=38616"}],"curies":[{"name":"wp","href":"https:\/\/api.w.org\/{rel}","templated":true}]}}