{"id":38614,"date":"2024-07-17T10:19:02","date_gmt":"2024-07-17T10:19:02","guid":{"rendered":"https:\/\/dekkbi.com\/?p=38614"},"modified":"2024-07-17T10:40:28","modified_gmt":"2024-07-17T10:40:28","slug":"le-gouvernement-attal-demissionnaire-mardi-soir-la-gauche-se-fracture-autour-de-matignon","status":"publish","type":"post","link":"https:\/\/dekkbi.com\/?p=38614","title":{"rendered":"Le gouvernement Attal d\u00e9missionnaire mardi soir, la gauche se fracture autour de Matignon"},"content":{"rendered":"\n<p>Le gouvernement Attal sera officiellement d\u00e9missionnaire mardi soir, mais restera en charge des affaires courantes pendant \u00ab\u00a0quelques semaines\u00a0\u00bb. <\/p>\n\n\n\n<p>La gauche, elle, se divise toujours sur son candidat \u00e0 Matignon, la sp\u00e9cialiste du climat Laurence Tubiana \u00e9tant jug\u00e9e trop \u00ab\u00a0Macron-compatible\u00a0\u00bb par les Insoumis.<\/p>\n\n\n\n<p>Emmanuel Macron a fait savoir au gouvernement, r\u00e9uni en Conseil des ministres, qu&rsquo;il accepterait en fin de journ\u00e9e la d\u00e9mission du Premier ministre et de son \u00e9quipe, ont affirm\u00e9 des participants \u00e0 l&rsquo;AFP.<\/p>\n\n\n\n<p>Le chef de l&rsquo;Etat leur a dit que le gouvernement serait \u00e0 compter de ce moment-l\u00e0 charg\u00e9 de \u00ab\u00a0g\u00e9rer les affaires courantes\u00a0\u00bb et laiss\u00e9 entendre que cette situation pourrait \u00ab\u00a0durer un certain temps\u00a0\u00bb, \u00ab\u00a0quelques semaines\u00a0\u00bb, vraisemblablement jusqu&rsquo;\u00e0 la fin des Jeux olympiques (26 juillet &#8211; 11 ao\u00fbt) au moins, selon ces ministres.<\/p>\n\n\n\n<p>Cette d\u00e9mission permettra notamment aux membres du gouvernement \u00e9lus d\u00e9put\u00e9s de retrouver leur mandat parlementaire pour participer \u00e0 l&rsquo;\u00e9lection \u00e0 la pr\u00e9sidence de l&rsquo;Assembl\u00e9e nationale jeudi, puis vendredi et samedi \u00e0 l&rsquo;attribution des postes strat\u00e9giques du Palais Bourbon.<\/p>\n\n\n\n<p>&#8211; Pacte l\u00e9gislatif ? <\/p>\n\n\n\n<p>-Le camp pr\u00e9sidentiel tente \u00e9galement de b\u00e2tir une majorit\u00e9 alternative \u00e0 la gauche: \u00e0 nouveau, les regards se tournent vers Les R\u00e9publicains et leur quarantaine de d\u00e9put\u00e9s.<\/p>\n\n\n\n<p>M\u00eame si leur nouveau chef de groupe Laurent Wauquiez se refuse \u00e0 toute \u00ab\u00a0coalition gouvernementale\u00a0\u00bb, il \u00e9labore actuellement un \u00ab\u00a0pacte l\u00e9gislatif\u00a0\u00bb autour de plusieurs mesures sur le travail et l&rsquo;autorit\u00e9, dont une version provisoire a \u00e9t\u00e9 consult\u00e9e par l&rsquo;AFP.<\/p>\n\n\n\n<p>Et une partie de la macronie adh\u00e8re \u00e0 la man\u0153uvre. \u00ab\u00a0Les propositions l\u00e9gislatives du groupe de la droite r\u00e9publicaine sont tr\u00e8s int\u00e9ressantes et m\u00e9ritent que nous en discutions\u00a0\u00bb, a lanc\u00e9 le ministre de l&rsquo;Int\u00e9rieur G\u00e9rald Darmanin dans un message \u00e0 ses coll\u00e8gues d\u00e9put\u00e9s Renaissance, consult\u00e9 par l&rsquo;AFP.<\/p>\n\n\n\n<p>Mais le \u00ab\u00a0bloc central\u00a0\u00bb, tiraill\u00e9 entre son aile droite et son aile gauche, joue un jeu d&rsquo;\u00e9quilibriste. \u00ab\u00a0Combien de gains \u00e0 droite et combien de pertes \u00e0 gauche ? Le sujet c&rsquo;est d&rsquo;\u00e9largir, pas de faire des additions ou des soustractions\u00a0\u00bb, glisse un conseiller minist\u00e9riel.<\/p>\n\n\n\n<p>Les m\u00eames discussions ont lieu sur le candidat pour la pr\u00e9sidence de l&rsquo;Assembl\u00e9e. Si un accord est pass\u00e9 avec la droite, une candidature comme celle de la sortante Ya\u00ebl Braun-Pivet pourrait r\u00e9unir plus de voix que la gauche.Mais d&rsquo;autres personnalit\u00e9s sont \u00e9voqu\u00e9es pour le poste, comme Na\u00efma Moutchou chez Horizons ou Genevi\u00e8ve Darrieussecq au MoDem.<\/p>\n\n\n\n<p> Le centriste Charles de Courson, repr\u00e9sentant du groupe Liot, s&rsquo;est \u00e9galement d\u00e9clar\u00e9.A gauche, les discussions pour soumettre un candidat au poste de Premier ministre ne cessent de se tendre, Jean-Luc M\u00e9lenchon ayant refus\u00e9 de les poursuivre tant qu&rsquo;un candidat commun pour le perchoir n&rsquo;a pas \u00e9t\u00e9 trouv\u00e9.- Bras de fer PS\/LFI -Socialistes, communistes et \u00e9cologistes sont n\u00e9anmoins revenus \u00e0 la charge lundi soir en proposant une personnalit\u00e9 issue de la soci\u00e9t\u00e9 civile, Laurence Tubiana. <\/p>\n\n\n\n<p>Cette architecte de l&rsquo;accord de Paris avait \u00e9t\u00e9 cit\u00e9e pour entrer au gouvernement en 2020, ce qu&rsquo;elle avait exclu, assez critique par ailleurs sur la politique climat du chef de l&rsquo;Etat.Fin de non-recevoir de LFI: \u00ab\u00a0Si c&rsquo;est effectivement ce profil sur lequel travaillent nos partenaires, je tombe de ma chaise\u00a0\u00bb, a d\u00e9clar\u00e9 sur France 2 Manuel Bompard. <\/p>\n\n\n\n<p>Le coordinateur insoumis consid\u00e8re la proposition \u00ab\u00a0pas s\u00e9rieuse\u00a0\u00bb, car cela ferait \u00ab\u00a0rentrer par la fen\u00eatre les macronistes\u00a0\u00bb.La d\u00e9put\u00e9e Sophia Chikirou, proche de Jean-Luc M\u00e9lenchon, a elle sembl\u00e9 associer le nom de Laurence Tubiana \u00e0 l&rsquo;action de Fran\u00e7ois Hollande, avec des mots choisis: \u00ab\u00a0Le hollandisme c&rsquo;est comme les punaises de lit: tu as employ\u00e9 les grands moyens pour t&rsquo;en d\u00e9barrasser (&#8230;) mais en quelques semaines, \u00e7a gratte \u00e0 nouveau\u00a0\u00bb, a-t-elle invectiv\u00e9 sur X.<\/p>\n\n\n\n<p>Les Insoumis ne peuvent \u00ab\u00a0s&rsquo;imposer \u00e0 tous les autres\u00a0\u00bb, a r\u00e9torqu\u00e9 le patron du PS Olivier Faure sur France Inter. \u00ab\u00a0On propose un point de r\u00e9conciliation. <\/p>\n\n\n\n<p>Si d&rsquo;autres consid\u00e8rent que c&rsquo;est un point de division, \u00e7a veut dire peut \u00eatre que l&rsquo;envie de gouverner n&rsquo;est pas compl\u00e8te\u00a0\u00bb chez LFI, a rench\u00e9ri le chef des d\u00e9put\u00e9s socialistes Boris Vallaud sur France Info.<\/p>\n\n\n\n<p>Au milieu de ce bras de fer, l&rsquo;\u00e9lectron libre de la gauche Fran\u00e7ois Ruffin a fait part de son exasp\u00e9ration face aux atermoiements de la gauche qui \u00ab\u00a0donnent raison \u00e0 Emmanuel Macron\u00a0\u00bb. \u00ab\u00a0On ne fait qu&rsquo;ent\u00e9riner le d\u00e9couragement, ent\u00e9riner le ressentiment\u00a0\u00bb a-t-il affirm\u00e9 sur RTL.<\/p>\n\n\n\n<p>La secr\u00e9taire g\u00e9n\u00e9rale de la CFDT, Marylise L\u00e9on, a \u00e9galement d\u00e9plor\u00e9 que certains repartent \u00ab\u00a0dans les travers d&rsquo;appareils\u00a0\u00bb. \u00ab\u00a0Le casting, c&rsquo;est le cadet de mes soucis\u00a0\u00bb, regrette-t-elle dans un entretien \u00e0 l&rsquo;AFP.<\/p>\n\n\n\n<p><\/p>\n","protected":false},"excerpt":{"rendered":"<p>Le gouvernement Attal sera officiellement d\u00e9missionnaire mardi soir, mais restera en charge des affaires courantes pendant \u00ab\u00a0quelques semaines\u00a0\u00bb. La gauche,<\/p>\n","protected":false},"author":1,"featured_media":29302,"comment_status":"open","ping_status":"open","sticky":false,"template":"","format":"standard","meta":{"footnotes":""},"categories":[6],"tags":[],"class_list":["post-38614","post","type-post","status-publish","format-standard","has-post-thumbnail","hentry","category-politics"],"_links":{"self":[{"href":"https:\/\/dekkbi.com\/index.php?rest_route=\/wp\/v2\/posts\/38614","targetHints":{"allow":["GET"]}}],"collection":[{"href":"https:\/\/dekkbi.com\/index.php?rest_route=\/wp\/v2\/posts"}],"about":[{"href":"https:\/\/dekkbi.com\/index.php?rest_route=\/wp\/v2\/types\/post"}],"author":[{"embeddable":true,"href":"https:\/\/dekkbi.com\/index.php?rest_route=\/wp\/v2\/users\/1"}],"replies":[{"embeddable":true,"href":"https:\/\/dekkbi.com\/index.php?rest_route=%2Fwp%2Fv2%2Fcomments&post=38614"}],"version-history":[{"count":1,"href":"https:\/\/dekkbi.com\/index.php?rest_route=\/wp\/v2\/posts\/38614\/revisions"}],"predecessor-version":[{"id":38615,"href":"https:\/\/dekkbi.com\/index.php?rest_route=\/wp\/v2\/posts\/38614\/revisions\/38615"}],"wp:featuredmedia":[{"embeddable":true,"href":"https:\/\/dekkbi.com\/index.php?rest_route=\/wp\/v2\/media\/29302"}],"wp:attachment":[{"href":"https:\/\/dekkbi.com\/index.php?rest_route=%2Fwp%2Fv2%2Fmedia&parent=38614"}],"wp:term":[{"taxonomy":"category","embeddable":true,"href":"https:\/\/dekkbi.com\/index.php?rest_route=%2Fwp%2Fv2%2Fcategories&post=38614"},{"taxonomy":"post_tag","embeddable":true,"href":"https:\/\/dekkbi.com\/index.php?rest_route=%2Fwp%2Fv2%2Ftags&post=38614"}],"curies":[{"name":"wp","href":"https:\/\/api.w.org\/{rel}","templated":true}]}}