{"id":38576,"date":"2024-07-16T10:23:10","date_gmt":"2024-07-16T10:23:10","guid":{"rendered":"https:\/\/dekkbi.com\/?p=38576"},"modified":"2024-07-16T11:49:03","modified_gmt":"2024-07-16T11:49:03","slug":"france-des-decrets-dapplication-de-la-loi-immigration-publies-au-journal-officiel","status":"publish","type":"post","link":"https:\/\/dekkbi.com\/?p=38576","title":{"rendered":"France: des d\u00e9crets d&rsquo;application de la loi immigration publi\u00e9s"},"content":{"rendered":"\n<p>Plusieurs d\u00e9crets d&rsquo;application de la loi immigration, tr\u00e8s controvers\u00e9e et critiqu\u00e9e par les partis de gauche et les militants des droits humains, ont \u00e9t\u00e9 publi\u00e9s au Journal Officiel, ce mardi 16 juillet par le gouvernement fran\u00e7ais. Cette publication intervient quelques heures avant sa d\u00e9mission, \u00e0 la suite des \u00e9lections l\u00e9gislatives.<\/p>\n\n\n\n<p>Par : RFI avec AFP<\/p>\n\n\n\n<p>Publi\u00e9s pr\u00e8s de six mois apr\u00e8s la promulgation de cette loi controvers\u00e9e et partiellement retoqu\u00e9e par le Conseil constitutionnel, ces d\u00e9crets publi\u00e9s\u00a0au\u00a0<strong>Journal Officiel\u00a0<\/strong>pr\u00e9voient notamment que tout \u00e9tranger sollicitant un titre de s\u00e9jour en France s&rsquo;engage \u00e0 respecter \u00ab\u00a0<em>les principes de la R\u00e9publique<\/em>\u00a0\u00bb.\u00a0Sont concern\u00e9s ici \u00ab\u00a0<em>la libert\u00e9 personnelle, la libert\u00e9 d&rsquo;expression et de conscience, l&rsquo;\u00e9galit\u00e9 entre les femmes et les hommes, la dignit\u00e9 de la personne humaine, la devise et les symboles de la R\u00e9publique, l&rsquo;int\u00e9grit\u00e9 territoriale et la la\u00efcit\u00e9.\u00a0<\/em>\u00bb<\/p>\n\n\n\n<p>La signature de ce contrat conditionne la d\u00e9livrance du document de s\u00e9jour et son signataire \u00ab&nbsp;<em>peut se voir refuser le renouvellement de son document ou se le voir retirer en cas de manquement caract\u00e9ris\u00e9 \u00e0 l&rsquo;un de ces principes<\/em>&nbsp;\u00bb, pr\u00e9cise un d\u00e9cret.<\/p>\n\n\n\n<p>Un autre renforce le dispositif de refus ou de cessation \u00ab<em>&nbsp;des conditions mat\u00e9rielles d&rsquo;accueil&nbsp;<\/em>\u00bb pour les demandeurs d&rsquo;asile et supprime \u00ab&nbsp;<em>le recours administratif pr\u00e9alable obligatoire \u00e0 l&rsquo;encontre des d\u00e9cisions de refus des conditions mat\u00e9rielles d&rsquo;accueil&nbsp;<\/em>\u00bb. Ces conditions mat\u00e9rielles regroupent une allocation mensuelle ainsi qu&rsquo;un h\u00e9bergement dans une structure d\u00e9di\u00e9e.<\/p>\n\n\n\n<h2 class=\"wp-block-heading\">Un texte&nbsp;\u00ab&nbsp;<em>inhumain&nbsp;<\/em>\u00bb et \u00ab&nbsp;<em>arbitraire&nbsp;<\/em>\u00bb<\/h2>\n\n\n\n<p>Une amende administrative est par ailleurs cr\u00e9\u00e9e pour sanctionner l&#8217;emploi de ressortissants \u00e9trangers non autoris\u00e9s \u00e0 travailler, rempla\u00e7ant les contributions sp\u00e9ciales et forfaitaires appliqu\u00e9es jusqu&rsquo;\u00e0 pr\u00e9sent. Le nombre de pointages quotidiens dans le cadre des \u00ab&nbsp;<em>assignations \u00e0 r\u00e9sidence aux fins d&rsquo;ex\u00e9cution de la d\u00e9cision d&rsquo;\u00e9loignement<\/em>&nbsp;\u00bb est, lui, revu \u00e0 la hausse.<\/p>\n\n\n\n<p>Qualifi\u00e9 d&rsquo;\u00ab\u00a0<em>inhumain\u00a0<\/em>\u00bb et \u00ab\u00a0<em>d&rsquo;arbitraire\u00a0<\/em>\u00bb par la gauche et les militants des droits humains, le projet de loi immigration a \u00e9t\u00e9 d\u00e9finitivement adopt\u00e9 par le Parlement fran\u00e7ais en d\u00e9cembre 2023.\u00a0Trente-cinq de ses articles ont \u00e9t\u00e9 par la suite totalement ou partiellement\u00a0<strong>censur\u00e9s par le Conseil constitutionnel<\/strong>. La loi a \u00e9t\u00e9 promulgu\u00e9e le 26 janvier.<\/p>\n\n\n\n<p>Cette publication au Journal Officiel s&rsquo;inscrit dans un contexte politique flou, en raison du scrutin convoqu\u00e9 par le pr\u00e9sident Emmanuel Macron apr\u00e8s des \u00e9lections europ\u00e9ennes o\u00f9 l&rsquo;extr\u00eame droite est arriv\u00e9e en t\u00eate en France. Celles-ci ont abouti \u00e0 une nouvelle Assembl\u00e9e divis\u00e9e en trois blocs \u2013 gauche, camp pr\u00e9sidentiel et extr\u00eame droite \u2013 priv\u00e9s de majorit\u00e9 claire. \u00c0 l&rsquo;issue du premier Conseil des ministres post-l\u00e9gislatives pr\u00e9vu ce mardi, le pr\u00e9sident pourrait accepter la d\u00e9mission du gouvernement de Gabriel Attal, qui ne serait alors plus charg\u00e9 que d&rsquo;exp\u00e9dier les affaires courantes, avec un pouvoir restreint.<\/p>\n","protected":false},"excerpt":{"rendered":"<p>Plusieurs d\u00e9crets d&rsquo;application de la loi immigration, tr\u00e8s controvers\u00e9e et critiqu\u00e9e par les partis de gauche et les militants des<\/p>\n","protected":false},"author":1,"featured_media":38483,"comment_status":"open","ping_status":"open","sticky":false,"template":"","format":"standard","meta":{"footnotes":""},"categories":[51],"tags":[],"class_list":["post-38576","post","type-post","status-publish","format-standard","has-post-thumbnail","hentry","category-general"],"_links":{"self":[{"href":"https:\/\/dekkbi.com\/index.php?rest_route=\/wp\/v2\/posts\/38576","targetHints":{"allow":["GET"]}}],"collection":[{"href":"https:\/\/dekkbi.com\/index.php?rest_route=\/wp\/v2\/posts"}],"about":[{"href":"https:\/\/dekkbi.com\/index.php?rest_route=\/wp\/v2\/types\/post"}],"author":[{"embeddable":true,"href":"https:\/\/dekkbi.com\/index.php?rest_route=\/wp\/v2\/users\/1"}],"replies":[{"embeddable":true,"href":"https:\/\/dekkbi.com\/index.php?rest_route=%2Fwp%2Fv2%2Fcomments&post=38576"}],"version-history":[{"count":2,"href":"https:\/\/dekkbi.com\/index.php?rest_route=\/wp\/v2\/posts\/38576\/revisions"}],"predecessor-version":[{"id":38607,"href":"https:\/\/dekkbi.com\/index.php?rest_route=\/wp\/v2\/posts\/38576\/revisions\/38607"}],"wp:featuredmedia":[{"embeddable":true,"href":"https:\/\/dekkbi.com\/index.php?rest_route=\/wp\/v2\/media\/38483"}],"wp:attachment":[{"href":"https:\/\/dekkbi.com\/index.php?rest_route=%2Fwp%2Fv2%2Fmedia&parent=38576"}],"wp:term":[{"taxonomy":"category","embeddable":true,"href":"https:\/\/dekkbi.com\/index.php?rest_route=%2Fwp%2Fv2%2Fcategories&post=38576"},{"taxonomy":"post_tag","embeddable":true,"href":"https:\/\/dekkbi.com\/index.php?rest_route=%2Fwp%2Fv2%2Ftags&post=38576"}],"curies":[{"name":"wp","href":"https:\/\/api.w.org\/{rel}","templated":true}]}}