{"id":38537,"date":"2024-07-16T09:41:09","date_gmt":"2024-07-16T09:41:09","guid":{"rendered":"https:\/\/dekkbi.com\/?p=38537"},"modified":"2024-07-16T09:41:10","modified_gmt":"2024-07-16T09:41:10","slug":"son-prochain-mandat-le-contrat-de-aliou-cisse-me-senghor-dit-tout","status":"publish","type":"post","link":"https:\/\/dekkbi.com\/?p=38537","title":{"rendered":"Son prochain mandat, le contrat de Aliou Ciss\u00e9&#8230;Me Senghor dit tout"},"content":{"rendered":"\n<p>iGFM (Dakar) Sur le plateau de la RTS 1 lundi soir, Me Augustin Senghor, pr\u00e9sident de la f\u00e9d\u00e9ration s\u00e9n\u00e9galaise de football (FSF), s&rsquo;est exprim\u00e9 sur la prochaine \u00e9lection pr\u00e9sidentielle de la FSF, le contrat du s\u00e9lectionneur national Aliou Ciss\u00e9 entre autres sujets.<\/p>\n\n\n\n<p>\u00ab\u00a0Ce n\u2019est pas une information fond\u00e9e. Djibril Wade n\u2019\u00e9tait pas en Mauritanie. Je n\u2019\u00e9tais m\u00eame pas avec Djibril Wade \u00e0 Nouakchott, il n\u2019avait m\u00eame pas fait le d\u00e9placement en Mauritanie, donc cette information qui dit que j\u2019avais annonc\u00e9 que je n\u2019allais pas \u00eatre candidat est fausse. Les informations relat\u00e9es par ce m\u00e9dia ne sont exactes.\u00a0\u00bb<br><br><strong>\u00ab\u00a0Je me prononcerai sur ma candidature en mars 2025\u00a0\u00bb<br><br><\/strong>\u00ab\u00a0Nous avons encore du temps car l\u2019AG \u00e9lective est pr\u00e9vue en ao\u00fbt 2025. &nbsp;J\u2019ai la satisfaction d\u2019avoir tout gagn\u00e9 en tant que pr\u00e9sident de la F\u00e9d\u00e9ration. Mais nous n\u2019allons pas quitter et laisser le football sombrer. Ce sera dans une dynamique de continuit\u00e9. &nbsp;Je pr\u00e9cise qu\u2019aucun texte ne m\u2019interdit de me repr\u00e9senter. Il est hors de question que je me prononce sur cette question. Je le ferai au mois de mars 2025, lors de l\u2019Assembl\u00e9e g\u00e9n\u00e9rale extraordinaire. Je me prononcerai sur cette question\u00a0\u00bb.<br><br><strong>Prolongation du contrat de Ciss\u00e9 et le report de l&rsquo;AGO par le ministre des Sports<br><br><\/strong>\u00ab\u00a0Le contrat d\u2019Aliou Ciss\u00e9 va \u00eatre prolong\u00e9e pour un an et demi avec les changements de date de la CAN.&nbsp;On a perdu 15 millions parce qu\u2019on n\u2019a pas pu tenir cette assembl\u00e9e g\u00e9n\u00e9rale ordinaire. On a \u00e9t\u00e9 fair-play et accept\u00e9 la d\u00e9cision du ministre.\u00a0\u00bb<\/p>\n","protected":false},"excerpt":{"rendered":"<p>iGFM (Dakar) Sur le plateau de la RTS 1 lundi soir, Me Augustin Senghor, pr\u00e9sident de la f\u00e9d\u00e9ration s\u00e9n\u00e9galaise de<\/p>\n","protected":false},"author":1,"featured_media":38538,"comment_status":"open","ping_status":"open","sticky":false,"template":"","format":"standard","meta":{"footnotes":""},"categories":[9],"tags":[],"class_list":["post-38537","post","type-post","status-publish","format-standard","has-post-thumbnail","hentry","category-sports"],"_links":{"self":[{"href":"https:\/\/dekkbi.com\/index.php?rest_route=\/wp\/v2\/posts\/38537","targetHints":{"allow":["GET"]}}],"collection":[{"href":"https:\/\/dekkbi.com\/index.php?rest_route=\/wp\/v2\/posts"}],"about":[{"href":"https:\/\/dekkbi.com\/index.php?rest_route=\/wp\/v2\/types\/post"}],"author":[{"embeddable":true,"href":"https:\/\/dekkbi.com\/index.php?rest_route=\/wp\/v2\/users\/1"}],"replies":[{"embeddable":true,"href":"https:\/\/dekkbi.com\/index.php?rest_route=%2Fwp%2Fv2%2Fcomments&post=38537"}],"version-history":[{"count":1,"href":"https:\/\/dekkbi.com\/index.php?rest_route=\/wp\/v2\/posts\/38537\/revisions"}],"predecessor-version":[{"id":38539,"href":"https:\/\/dekkbi.com\/index.php?rest_route=\/wp\/v2\/posts\/38537\/revisions\/38539"}],"wp:featuredmedia":[{"embeddable":true,"href":"https:\/\/dekkbi.com\/index.php?rest_route=\/wp\/v2\/media\/38538"}],"wp:attachment":[{"href":"https:\/\/dekkbi.com\/index.php?rest_route=%2Fwp%2Fv2%2Fmedia&parent=38537"}],"wp:term":[{"taxonomy":"category","embeddable":true,"href":"https:\/\/dekkbi.com\/index.php?rest_route=%2Fwp%2Fv2%2Fcategories&post=38537"},{"taxonomy":"post_tag","embeddable":true,"href":"https:\/\/dekkbi.com\/index.php?rest_route=%2Fwp%2Fv2%2Ftags&post=38537"}],"curies":[{"name":"wp","href":"https:\/\/api.w.org\/{rel}","templated":true}]}}