{"id":38531,"date":"2024-07-16T09:36:21","date_gmt":"2024-07-16T09:36:21","guid":{"rendered":"https:\/\/dekkbi.com\/?p=38531"},"modified":"2024-07-16T10:46:37","modified_gmt":"2024-07-16T10:46:37","slug":"voiture-electrique-un-cadre-reglementaire-mis-en-place-au-senegal","status":"publish","type":"post","link":"https:\/\/dekkbi.com\/?p=38531","title":{"rendered":"Voiture \u00e9lectrique au S\u00e9n\u00e9gal: El Malick Ndiaye promet la mise en place d&rsquo;un cadre r\u00e8glementaire"},"content":{"rendered":"\n<p>Dakar, (APS) \u2013 Le ministre des Infrastructures et des Transports terrestres et a\u00e9riens, Malick Ndiaye, a promis, lundi, \u00e0 Dakar, de soutenir le cadre r\u00e8glementaire mis en place le m\u00eame jour pour promouvoir et encadrer l\u2019usage de la voiture \u00e9lectrique au S\u00e9n\u00e9gal.<\/p>\n\n\n\n<p>\u2018\u2019Il est n\u00e9cessaire de mettre en place un cadre r\u00e9glementaire permettant d\u2019inciter les concessionnaires, les importateurs et les usagers \u00e0 opter pour les v\u00e9hicules \u00e9lectriques\u2019\u2019, a dit M. Ndiaye.<\/p>\n\n\n\n<p>Il intervenait \u00e0 un atelier consacr\u00e9 \u00e0 la mise en place d\u2019un cadre r\u00e9glementaire charg\u00e9 d\u2019encadrer l\u2019entr\u00e9e de la voiture \u00e9lectrique au S\u00e9n\u00e9gal.<\/p>\n\n\n\n<p>\u2018\u2019Le cadre de r\u00e9glementation examin\u00e9 aujourd\u2019hui concourt r\u00e9solument au d\u00e9veloppement des voitures \u00e9lectriques au S\u00e9n\u00e9gal et \u00e0 la lutte contre les \u00e9missions de gaz \u00e0 effet de serre dans le secteur des transports\u2019\u2019, a-t-il assur\u00e9.<\/p>\n\n\n\n<p>L\u2019usage des v\u00e9hicules \u00e9lectriques n\u00e9cessite \u2018\u2019une strat\u00e9gie bien r\u00e9fl\u00e9chie et coordonn\u00e9e en mati\u00e8re de r\u00e9glementation\u2019\u2019, a soulign\u00e9 Malick Ndiaye.<\/p>\n\n\n\n<p>Selon lui, le S\u00e9n\u00e9gal b\u00e9n\u00e9ficie du soutien de l\u2019Angleterre, en ce qui concerne l\u2019introduction de la voiture \u00e9lectrique dans son territoire.<\/p>\n\n\n\n<p>\u2018\u2019Avec l\u2019aide de la soci\u00e9t\u00e9 Manufacturing Africa (une entreprise anglaise), nous allons chercher les voies et moyens de doter notre pays non seulement d\u2019un cadre r\u00e9glementaire, mais aussi des dispositifs n\u00e9cessaires pour pousser les S\u00e9n\u00e9galais \u00e0 utiliser davantage les v\u00e9hicules \u00e9lectriques\u2019\u2019, a promis M. Ndiaye.<\/p>\n\n\n\n<p>Un \u2018\u2019sch\u00e9ma directeur global\u2019\u2019 des infrastructures et des syst\u00e8mes de transport sera \u00e9labor\u00e9 au S\u00e9n\u00e9gal, a annonc\u00e9, par ailleurs, le ministre des Infrastructures et des Transports terrestres et a\u00e9riens.<\/p>\n\n\n\n<p>\u2018\u2019L\u2019objectif de ce sch\u00e9ma est d\u2019avoir une multimodalit\u00e9 et une certaine intermodalit\u00e9 entre les types de transport afin de reconfigurer les infrastructures et les transports, particuli\u00e8rement \u00e0 Dakar\u2019\u2019, a-t-il expliqu\u00e9.<\/p>\n\n\n\n<p>\u2018\u2019La transition vers la voiture \u00e9lectrique permettra non seulement de r\u00e9duire les co\u00fbts mais aussi d\u2019impacter positivement les populations, parce qu\u2019il y aura des transports de masse tr\u00e8s confortables, avec des tarifs pr\u00e9f\u00e9rentiels\u2019\u2019, a assur\u00e9 Malick Ndiaye.<\/p>\n\n\n\n<p>Il a invit\u00e9 le secteur priv\u00e9 national \u00e0 \u2018\u2019proposer des offres techniques et financi\u00e8res pour investir et d\u00e9velopper les infrastructures de recharge\u2019\u2019 des voitures \u00e9lectriques.<\/p>\n\n\n\n<p>\u2018\u2019Je l\u2019invite [\u2026] \u00e0 ne pas \u00eatre attentiste au risque de laisser le vide actuel aux multinationales et de perdre cette grande opportunit\u00e9\u2019\u2019, a dit M. Ndiaye, pr\u00e9cisant que \u2018\u2019les offres locales fortement attendues seront \u00e9tudi\u00e9es avec diligence par les [\u2026] minist\u00e8res concern\u00e9s\u2019\u2019.<\/p>\n\n\n\n<p>CS\/AB\/AKS\/ESF<\/p>\n","protected":false},"excerpt":{"rendered":"<p>Dakar, (APS) \u2013 Le ministre des Infrastructures et des Transports terrestres et a\u00e9riens, Malick Ndiaye, a promis, lundi, \u00e0 Dakar,<\/p>\n","protected":false},"author":1,"featured_media":35525,"comment_status":"open","ping_status":"open","sticky":false,"template":"","format":"standard","meta":{"footnotes":""},"categories":[3],"tags":[],"class_list":["post-38531","post","type-post","status-publish","format-standard","has-post-thumbnail","hentry","category-event-more-news"],"_links":{"self":[{"href":"https:\/\/dekkbi.com\/index.php?rest_route=\/wp\/v2\/posts\/38531","targetHints":{"allow":["GET"]}}],"collection":[{"href":"https:\/\/dekkbi.com\/index.php?rest_route=\/wp\/v2\/posts"}],"about":[{"href":"https:\/\/dekkbi.com\/index.php?rest_route=\/wp\/v2\/types\/post"}],"author":[{"embeddable":true,"href":"https:\/\/dekkbi.com\/index.php?rest_route=\/wp\/v2\/users\/1"}],"replies":[{"embeddable":true,"href":"https:\/\/dekkbi.com\/index.php?rest_route=%2Fwp%2Fv2%2Fcomments&post=38531"}],"version-history":[{"count":4,"href":"https:\/\/dekkbi.com\/index.php?rest_route=\/wp\/v2\/posts\/38531\/revisions"}],"predecessor-version":[{"id":38591,"href":"https:\/\/dekkbi.com\/index.php?rest_route=\/wp\/v2\/posts\/38531\/revisions\/38591"}],"wp:featuredmedia":[{"embeddable":true,"href":"https:\/\/dekkbi.com\/index.php?rest_route=\/wp\/v2\/media\/35525"}],"wp:attachment":[{"href":"https:\/\/dekkbi.com\/index.php?rest_route=%2Fwp%2Fv2%2Fmedia&parent=38531"}],"wp:term":[{"taxonomy":"category","embeddable":true,"href":"https:\/\/dekkbi.com\/index.php?rest_route=%2Fwp%2Fv2%2Fcategories&post=38531"},{"taxonomy":"post_tag","embeddable":true,"href":"https:\/\/dekkbi.com\/index.php?rest_route=%2Fwp%2Fv2%2Ftags&post=38531"}],"curies":[{"name":"wp","href":"https:\/\/api.w.org\/{rel}","templated":true}]}}