{"id":38528,"date":"2024-07-16T09:32:34","date_gmt":"2024-07-16T09:32:34","guid":{"rendered":"https:\/\/dekkbi.com\/?p=38528"},"modified":"2024-07-16T09:33:51","modified_gmt":"2024-07-16T09:33:51","slug":"amadou-ba-donne-rendez-vous-je-reviendrai-dans-les-details","status":"publish","type":"post","link":"https:\/\/dekkbi.com\/?p=38528","title":{"rendered":"Amadou B\u00e2 donne rendez-vous : \u00abJe reviendrai dans les d\u00e9tails\u2026\u00bb"},"content":{"rendered":"\n<p>Amadou B\u00e2 qui a pris part \u00e0 la c\u00e9r\u00e9monie de comm\u00e9moration de l\u2019anniversaire du d\u00e9c\u00e8s de Ousmane Tanor Dieng, hier, donne rendez-vous aux s\u00e9n\u00e9galais. Il compte s\u2019exprimer sur la situation nationale dans les prochains jours.<\/p>\n\n\n\n<p>\u00abJe reviendrai dans les d\u00e9tails pour commenter l\u2019actualit\u00e9 politique nationale tr\u00e8s prochainement\u00bb, a d\u00e9clar\u00e9 Amadou B\u00e2. L\u2019ex premier ministre est arriv\u00e9 en seconde position lors de l\u2019\u00e9lection pr\u00e9sidentielle de 2024.<br><br>\u00abAujourd\u2019hui je suis l\u00e0 pour prier pour Tanor et comm\u00e9morer l\u2019anniversaire de sa disparition\u00bb, a-t-il indiqu\u00e9 aux journaliste, t\u00e9moignant que le d\u00e9funt fut un grand patriote, un grand commis de l\u2019Etat et un homme politique hors pair.<\/p>\n\n\n\n<p>SOURCE IGFM<\/p>\n","protected":false},"excerpt":{"rendered":"<p>Amadou B\u00e2 qui a pris part \u00e0 la c\u00e9r\u00e9monie de comm\u00e9moration de l\u2019anniversaire du d\u00e9c\u00e8s de Ousmane Tanor Dieng, hier,<\/p>\n","protected":false},"author":1,"featured_media":38530,"comment_status":"open","ping_status":"open","sticky":false,"template":"","format":"standard","meta":{"footnotes":""},"categories":[6],"tags":[],"class_list":["post-38528","post","type-post","status-publish","format-standard","has-post-thumbnail","hentry","category-politics"],"_links":{"self":[{"href":"https:\/\/dekkbi.com\/index.php?rest_route=\/wp\/v2\/posts\/38528","targetHints":{"allow":["GET"]}}],"collection":[{"href":"https:\/\/dekkbi.com\/index.php?rest_route=\/wp\/v2\/posts"}],"about":[{"href":"https:\/\/dekkbi.com\/index.php?rest_route=\/wp\/v2\/types\/post"}],"author":[{"embeddable":true,"href":"https:\/\/dekkbi.com\/index.php?rest_route=\/wp\/v2\/users\/1"}],"replies":[{"embeddable":true,"href":"https:\/\/dekkbi.com\/index.php?rest_route=%2Fwp%2Fv2%2Fcomments&post=38528"}],"version-history":[{"count":1,"href":"https:\/\/dekkbi.com\/index.php?rest_route=\/wp\/v2\/posts\/38528\/revisions"}],"predecessor-version":[{"id":38529,"href":"https:\/\/dekkbi.com\/index.php?rest_route=\/wp\/v2\/posts\/38528\/revisions\/38529"}],"wp:featuredmedia":[{"embeddable":true,"href":"https:\/\/dekkbi.com\/index.php?rest_route=\/wp\/v2\/media\/38530"}],"wp:attachment":[{"href":"https:\/\/dekkbi.com\/index.php?rest_route=%2Fwp%2Fv2%2Fmedia&parent=38528"}],"wp:term":[{"taxonomy":"category","embeddable":true,"href":"https:\/\/dekkbi.com\/index.php?rest_route=%2Fwp%2Fv2%2Fcategories&post=38528"},{"taxonomy":"post_tag","embeddable":true,"href":"https:\/\/dekkbi.com\/index.php?rest_route=%2Fwp%2Fv2%2Ftags&post=38528"}],"curies":[{"name":"wp","href":"https:\/\/api.w.org\/{rel}","templated":true}]}}