{"id":38455,"date":"2024-07-15T09:13:08","date_gmt":"2024-07-15T09:13:08","guid":{"rendered":"https:\/\/dekkbi.com\/?p=38455"},"modified":"2024-07-15T09:13:09","modified_gmt":"2024-07-15T09:13:09","slug":"rugby-a-xv-le-senegal-va-participer-a-la-can-prevue-du-18-au-29-juillet","status":"publish","type":"post","link":"https:\/\/dekkbi.com\/?p=38455","title":{"rendered":"Rugby\u00a0\u00e0 XV: le S\u00e9n\u00e9gal va participer \u00e0 la CAN pr\u00e9vue du 18 au 29 juillet"},"content":{"rendered":"\n<p>Dakar, (APS) \u2013 L\u2019\u00e9quipe nationale masculine du S\u00e9n\u00e9gal de rugby prendra part \u00e0 la prochaine \u00e9dition de la Coupe d\u2019Afrique de rugby \u00e0 XV pr\u00e9vue du 18 au 29 juillet au Mandela National Stadium en Ouganda, a appris l\u2019APS d\u2019un communiqu\u00e9 de la F\u00e9d\u00e9ration s\u00e9n\u00e9galaise de rugby.<\/p>\n\n\n\n<p>Huit \u00e9quipes participeront au tournoi. Il s\u2019agit de l\u2019Alg\u00e9rie, du Burkina Faso, de la C\u00f4te d\u2019Ivoire, du Kenya, de la Namibie, de l\u2019Ouganda (pays h\u00f4te), du S\u00e9n\u00e9gal et du Zimbabwe.<\/p>\n\n\n\n<p>Les Lions du S\u00e9n\u00e9gal joueront, samedi prochain \u00e0 10h GMT, leur premier match contre le Kenya.<\/p>\n\n\n\n<p>La d\u00e9l\u00e9gation s\u00e9n\u00e9galaise partira, mardi, pour l\u2019Ouganda<\/p>\n\n\n\n<p>En perspective de cette comp\u00e9tition, le s\u00e9lectionneur de l\u2019\u00e9quipe masculine du S\u00e9n\u00e9gal de rugby \u00e0 XV, S\u00e9kou Sakho a publi\u00e9, vendredi, une liste de 28 joueurs pour la premi\u00e8re phase de cette CAN.<\/p>\n\n\n\n<p>Voici la liste des joueurs<\/p>\n\n\n\n<p>Piliers : Mamadou Ciss\u00e9 (Larochelle), Fernandez Corr\u00e9a (Massy), Abdou Dieye (Bedarides), Ousmane Ndiaye (Union St Denis-Drancy), Mamadou Ndiaye Mor (Tulle), Mamadou Sarr (Asfa)<\/p>\n\n\n\n<p>Talonneur : Kaba Ciss\u00e9 (Union St D\u00e9nis \u2013 Drancy), Moustapha NDIAYE (St-Yriex)<\/p>\n\n\n\n<p>Deuxi\u00e8me ligne : Bouna Fall (Salles), Tony Lanauve (Cs Nuiton), Moctar<\/p>\n\n\n\n<p>Sougoufara (Sarcelles), Lamine Sylla (Union St Denis-Drancy)<\/p>\n\n\n\n<p>Troisi\u00e8me ligne : Khadim Ciss\u00e9 (Piacenza), Cheikhou Danfakha (Le Havre),<\/p>\n\n\n\n<p>Abdelkarim Fofana (Rouen Normandie Rugby), Abdou LOM (Asfa)<\/p>\n\n\n\n<p>Demis de m\u00eal\u00e9e : Babacar BA (Cusset), Demba Kane (Union St Denis-Drancy), Assane Ndiaye (Requins)<\/p>\n\n\n\n<p>Demis d\u2019ouverture : Ismail Barrada (St Medard), Mamadou Ndiaye (C\u2019ChartesRugby)<\/p>\n\n\n\n<p>Centre : Alassane Sagna (Cusset), Cheikh Sanha (Coq Luguevin), Abou Sy (Asfa)<\/p>\n\n\n\n<p>Ailiers : Djibi Diallo (Vannes), Insa Thior (Asfa)<\/p>\n\n\n\n<p>Arri\u00e8res : Saibo Sakho (Epernay), Ameth Sall (Jambars).<\/p>\n\n\n\n<p>SK\/OID<\/p>\n","protected":false},"excerpt":{"rendered":"<p>Dakar, (APS) \u2013 L\u2019\u00e9quipe nationale masculine du S\u00e9n\u00e9gal de rugby prendra part \u00e0 la prochaine \u00e9dition de la Coupe d\u2019Afrique<\/p>\n","protected":false},"author":1,"featured_media":38456,"comment_status":"open","ping_status":"open","sticky":false,"template":"","format":"standard","meta":{"footnotes":""},"categories":[9],"tags":[],"class_list":["post-38455","post","type-post","status-publish","format-standard","has-post-thumbnail","hentry","category-sports"],"_links":{"self":[{"href":"https:\/\/dekkbi.com\/index.php?rest_route=\/wp\/v2\/posts\/38455","targetHints":{"allow":["GET"]}}],"collection":[{"href":"https:\/\/dekkbi.com\/index.php?rest_route=\/wp\/v2\/posts"}],"about":[{"href":"https:\/\/dekkbi.com\/index.php?rest_route=\/wp\/v2\/types\/post"}],"author":[{"embeddable":true,"href":"https:\/\/dekkbi.com\/index.php?rest_route=\/wp\/v2\/users\/1"}],"replies":[{"embeddable":true,"href":"https:\/\/dekkbi.com\/index.php?rest_route=%2Fwp%2Fv2%2Fcomments&post=38455"}],"version-history":[{"count":1,"href":"https:\/\/dekkbi.com\/index.php?rest_route=\/wp\/v2\/posts\/38455\/revisions"}],"predecessor-version":[{"id":38457,"href":"https:\/\/dekkbi.com\/index.php?rest_route=\/wp\/v2\/posts\/38455\/revisions\/38457"}],"wp:featuredmedia":[{"embeddable":true,"href":"https:\/\/dekkbi.com\/index.php?rest_route=\/wp\/v2\/media\/38456"}],"wp:attachment":[{"href":"https:\/\/dekkbi.com\/index.php?rest_route=%2Fwp%2Fv2%2Fmedia&parent=38455"}],"wp:term":[{"taxonomy":"category","embeddable":true,"href":"https:\/\/dekkbi.com\/index.php?rest_route=%2Fwp%2Fv2%2Fcategories&post=38455"},{"taxonomy":"post_tag","embeddable":true,"href":"https:\/\/dekkbi.com\/index.php?rest_route=%2Fwp%2Fv2%2Ftags&post=38455"}],"curies":[{"name":"wp","href":"https:\/\/api.w.org\/{rel}","templated":true}]}}