{"id":38452,"date":"2024-07-15T09:09:41","date_gmt":"2024-07-15T09:09:41","guid":{"rendered":"https:\/\/dekkbi.com\/?p=38452"},"modified":"2024-07-15T09:09:58","modified_gmt":"2024-07-15T09:09:58","slug":"acteurs-politiques-societe-civile-et-universitaires-planchent-sur-lintegrite-du-systeme-electoral","status":"publish","type":"post","link":"https:\/\/dekkbi.com\/?p=38452","title":{"rendered":"Acteurs politiques, soci\u00e9t\u00e9 civile et universitaires planchent sur l\u2019int\u00e9grit\u00e9 du syst\u00e8me \u00e9lectoral"},"content":{"rendered":"\n<p>Saly, 14 juil (APS) \u2013 Des membres de la soci\u00e9t\u00e9 civile, des experts et des acteurs politiques ont pris part, samedi \u00e0 Saly (Ouest), \u00e0 un atelier d\u2019\u00e9changes sur \u201dl\u2019int\u00e9grit\u00e9 du syst\u00e8me \u00e9lectoral au S\u00e9n\u00e9gal\u201d.<\/p>\n\n\n\n<p>\u2018\u2019Le Forum civil a voulu organiser cette rencontre avec la classe politique, la soci\u00e9t\u00e9 civile et les universitaires, pour \u00e9changer sur la question de la redevabilit\u00e9 \u00e9lectorale, plus particuli\u00e8rement, sur la question de l\u2019int\u00e9grit\u00e9 du syst\u00e8me \u00e9lectoral\u2019\u2019, a soulign\u00e9 Birahim Seck, coordinateur g\u00e9n\u00e9ral du Forum civil.<\/p>\n\n\n\n<p>\u2018\u2019Le pr\u00e9sident de la R\u00e9publique a pris (l\u2019) engagement d\u2019organiser des assises sur le syst\u00e8me \u00e9lectoral. Il avait annonc\u00e9 quelques pistes de r\u00e9flexion par rapport \u00e0 l\u2019int\u00e9grit\u00e9 du syst\u00e8me \u00e9lectoral et la question de la rationalisation des partis politiques\u2019\u2019, a-t-il rappel\u00e9.<\/p>\n\n\n\n<p>Organis\u00e9e par le Forum civil en collaboration avec Open Society Foundations, cette rencontre de deux jours est, selon Birahim Seck, une \u2018\u2019tribune de r\u00e9flexion sur le diagnostic de la situation du syst\u00e8me \u00e9lectoral au S\u00e9n\u00e9gal, (afin) d\u2019en tirer des le\u00e7ons mais \u00e9galement de consolider les acquis de l\u2019int\u00e9grit\u00e9 du syst\u00e8me \u00e9lectoral et proposer des recommandations\u2019\u2019.<\/p>\n\n\n\n<p>Pour Mamadou Diop Decroix, secr\u00e9taire g\u00e9n\u00e9ral de And-j\u00ebf\/Parti africain pour la d\u00e9mocratie et le socialisme (Aj\/pads), \u2018\u2019au S\u00e9n\u00e9gal, on a davantage de probl\u00e8mes d\u2019acteurs politiques qu\u2019un probl\u00e8me de texte\u2019\u2019.<\/p>\n\n\n\n<p>\u201dRegardez la question du fichier \u00e9lectoral, comme on l\u2019\u00e9labore. Il y a les inscriptions, le retrait des cartes, ce sont des proc\u00e9dures qui prennent \u00e9norm\u00e9ment d\u2019argent et ensuite (elles sont) g\u00e9r\u00e9es par des acteurs politiques partisans qui travaillent la nuit pour leurs partis\u2019\u2019, a-t-il relev\u00e9.<\/p>\n\n\n\n<p>Le leader de Aj\/pads propose \u2018\u2019le versement pur et simple du fichier national des cartes d\u2019identit\u00e9 dans le fichier \u00e9lectoral \u00e0 partir de 18 ans en mixant avec d\u2019autres types de fichiers pour en extraire ceux qui sont frapp\u00e9s par des dispositions de telle ou telle loi\u2019\u2019.<\/p>\n\n\n\n<p>Amadou Ba, d\u00e9put\u00e9 membre du parti Pastef a not\u00e9 que \u2018\u2019le code \u00e9lectoral contient des dispositions qui ne sont pas adapt\u00e9es en mati\u00e8re p\u00e9nale\u201d. Il propose la modernisation de la loi sur les partis politiques qui est \u201ctotalement obsol\u00e8te\u2019\u2019.&nbsp;D\u2019o\u00f9 \u2018\u2019l\u2019urgence\u2019\u2019, selon lui, de passer \u00e0 \u2018\u2019une refonte g\u00e9n\u00e9rale de tous les textes\u2019\u2019.<\/p>\n\n\n\n<p>Doudou Wade, du Parti d\u00e9mocratique s\u00e9n\u00e9galais (PDS, opposition), s\u2019est r\u00e9joui de la tenue de cette rencontre, pour discuter de \u201cquestions majeures\u201d.<\/p>\n","protected":false},"excerpt":{"rendered":"<p>Saly, 14 juil (APS) \u2013 Des membres de la soci\u00e9t\u00e9 civile, des experts et des acteurs politiques ont pris part,<\/p>\n","protected":false},"author":1,"featured_media":38453,"comment_status":"open","ping_status":"open","sticky":false,"template":"","format":"standard","meta":{"footnotes":""},"categories":[6],"tags":[],"class_list":["post-38452","post","type-post","status-publish","format-standard","has-post-thumbnail","hentry","category-politics"],"_links":{"self":[{"href":"https:\/\/dekkbi.com\/index.php?rest_route=\/wp\/v2\/posts\/38452","targetHints":{"allow":["GET"]}}],"collection":[{"href":"https:\/\/dekkbi.com\/index.php?rest_route=\/wp\/v2\/posts"}],"about":[{"href":"https:\/\/dekkbi.com\/index.php?rest_route=\/wp\/v2\/types\/post"}],"author":[{"embeddable":true,"href":"https:\/\/dekkbi.com\/index.php?rest_route=\/wp\/v2\/users\/1"}],"replies":[{"embeddable":true,"href":"https:\/\/dekkbi.com\/index.php?rest_route=%2Fwp%2Fv2%2Fcomments&post=38452"}],"version-history":[{"count":1,"href":"https:\/\/dekkbi.com\/index.php?rest_route=\/wp\/v2\/posts\/38452\/revisions"}],"predecessor-version":[{"id":38454,"href":"https:\/\/dekkbi.com\/index.php?rest_route=\/wp\/v2\/posts\/38452\/revisions\/38454"}],"wp:featuredmedia":[{"embeddable":true,"href":"https:\/\/dekkbi.com\/index.php?rest_route=\/wp\/v2\/media\/38453"}],"wp:attachment":[{"href":"https:\/\/dekkbi.com\/index.php?rest_route=%2Fwp%2Fv2%2Fmedia&parent=38452"}],"wp:term":[{"taxonomy":"category","embeddable":true,"href":"https:\/\/dekkbi.com\/index.php?rest_route=%2Fwp%2Fv2%2Fcategories&post=38452"},{"taxonomy":"post_tag","embeddable":true,"href":"https:\/\/dekkbi.com\/index.php?rest_route=%2Fwp%2Fv2%2Ftags&post=38452"}],"curies":[{"name":"wp","href":"https:\/\/api.w.org\/{rel}","templated":true}]}}