{"id":3841,"date":"2022-11-24T16:30:54","date_gmt":"2022-11-24T16:30:54","guid":{"rendered":"https:\/\/dekkbi.com\/?p=3841"},"modified":"2022-11-24T16:30:55","modified_gmt":"2022-11-24T16:30:55","slug":"gestion-des-domaines-communautaires-prodac-champ-de-bataille-sonko-attaque-mame-mbaye-replique-par-une-plainte","status":"publish","type":"post","link":"https:\/\/dekkbi.com\/?p=3841","title":{"rendered":"Gestion des Domaines communautaires \u2013 Prodac, champ de bataille : Sonko attaque, Mame Mbaye r\u00e9plique par une plainte"},"content":{"rendered":"\n<p><strong>Mame Mbaye Niang a d\u00e9clar\u00e9 hier avoir port\u00e9 plainte contre Ousmane Sonko pour diffamation, dans le cadre de l\u2019affaire dite des 29 milliards de Prodac.<\/strong><\/p>\n\n\n\n<p><strong>Par Bocar SAKHO \u2013<\/strong>&nbsp;La guerre entre Mame Mbaye Niang et Ousmane Sonko est ouverte. En conf\u00e9rence de presse hier, le ministre du Tourisme et des loisirs a annonc\u00e9 avoir port\u00e9 plainte pour diffamation contre Ousmane Sonko aupr\u00e8s du procureur de la R\u00e9publique. \u00abJ\u2019ai port\u00e9 plainte aujourd\u2019hui (hier) au niveau du procureur afin que M. Ousmane Sonko produise ce rapport de l\u2019Ige (Inspection g\u00e9n\u00e9rale d\u2019Etat). \u00c7a ne sera pas la m\u00eame chose. Ce n\u2019est plus comme auparavant. On est dans un pays de droit. Ousmane Sonko dans son expos\u00e9, dit d\u00e9tenir un rapport de l\u2019inspection g\u00e9n\u00e9rale d\u2019Etat qui m\u2019aurait \u00e9pingl\u00e9, rapport relatif au march\u00e9 pass\u00e9 par le programme des domaines dites activit\u00e9s communautaires pour la construction des domaines agricoles communautaires\u00bb, indique M. Mame Mbaye Niang. Pour lui, cette plainte est une occasion pour le \u00ableader du Pastef de d\u00e9poussi\u00e9rer le rapport de l\u2019Ige qui m\u2019\u00e9pingle et qu\u2019il dit d\u00e9tenir, pour le pr\u00e9senter \u00e0 la justice\u00bb. \u00abPour quelqu\u2019un qui aspire \u00e0 diriger un pays, il devrait conna\u00eetre les bases de l\u2019Administration. Cela lui aurait permis de comprendre que dans une tutelle technique, surtout pour un projet, assimil\u00e9 \u00e0 l\u2019agence et qui a un conseil de surveillance, avant le ministre de tutelle, de pareils exercices de manigances ne sauraient se faire\u00bb, dit-il.<\/p>\n\n\n\n<p>Mame Mbaye Niang insiste sur son innocence. \u00abJe n\u2019ai rien \u00e0 me reprocher. Je r\u00e9it\u00e8re qu\u2019il n\u2019y a aucun rapport qui m\u2019\u00e9pingle. J\u2019en appelle \u00e0 la dignit\u00e9 de Sonko pour qu\u2019il aille, sans pousser \u00e0 un Mortal Kombat, d\u00e9poussi\u00e9rer le rapport de l\u2019Ige qu\u2019il dit d\u00e9tenir\u00bb, insiste-t-il.<\/p>\n\n\n\n<p>Mame Mbaye&nbsp;Niang, qui a d\u00fb faire face aux m\u00eames accusations \u00e0 l\u2019Assembl\u00e9e nationale lundi lors du vote du budget de son minist\u00e8re, assure qu\u2019il est dispos\u00e9 \u00e0 d\u00e9missionner de tous ses postes et de se livrer \u00e0 la justice. \u00abSi c\u2019est lui qui dit la v\u00e9rit\u00e9 dans cette histoire, au moment opportun, je suis pr\u00eat \u00e0 renoncer \u00e0 tout privil\u00e8ge de juridiction et je me soumettrai \u00e0 la justice\u00bb, promet-il. Il poursuit&nbsp;: \u00abIl est vrai que les profondeurs de la langue fran\u00e7aise ne me sont pas accessibles. Encore moins pour lui (Ousmane Sonko) qui accuse sans la moindre modestie. Cependant, qu\u2019il me soit permis de rappeler que je suis contr\u00f4leur de la navigation a\u00e9rienne et ing\u00e9nieur technologue. J\u2019ai aussi trois autres m\u00e9tiers qui me permettent d\u2019auditer et de contr\u00f4ler des a\u00e9roports. (\u2026.) Quand j\u2019\u00e9tais contr\u00f4leur a\u00e9rien, Sonko sortait de l\u2019Ena et ce que je gagnais \u00e9tait deux fois plus important.\u00bb Une d\u00e9claration \u00e0 la suite de la d\u00e9claration de Sonko que le ministre Niang ne parlerait pas correctement le fran\u00e7ais.<\/p>\n\n\n\n<p>Cette affaire est n\u00e9e suite aux d\u00e9clarations du leader de Pastef qui assure que l\u2019ancien ministre de la Jeunesse a \u00e9t\u00e9 \u00e9pingl\u00e9 dans l\u2019affaire des 29 milliards F Cfa du Programme des domaines communautaires par l\u2019Inspection g\u00e9n\u00e9rale d\u2019Etat. A l\u2019\u00e9poque, il s\u2019agissait d\u2019un rapport de l\u2019Inspection g\u00e9n\u00e9rale des finances (Igf), qui avait \u00e9t\u00e9 d\u00e9classifi\u00e9 en 2018 par le ministre des Finances Amadou Ba.<br>C\u2019est en f\u00e9vrier 2017, qu\u2019une mission de l\u2019inspection g\u00e9n\u00e9rale des finances a \u00e9t\u00e9 envoy\u00e9e au Prodac pour v\u00e9rifier la gestion financi\u00e8re de ce programme initi\u00e9 par le Pr\u00e9sident Sall pour booster l\u2019emploi des jeunes en milieu rural. Avec le programme, il \u00e9tait pr\u00e9vu l\u2019am\u00e9nagement de 30\u00a0mille ha et l\u2019enr\u00f4lement de 300\u00a0mille jeunes dans les Domaines agricoles Communautaires (Dac) situ\u00e9s \u00e0 S\u00e9fa (r\u00e9gion de S\u00e9dhiou), Keur Samba K\u00e2ne (Diourbel), Keur Momar Sarr (Louga) et \u00e0 Itato (K\u00e9dougou) pour un co\u00fbt global de 29 milliards 600 millions de F Cfa. Le projet \u00e9tait ex\u00e9cut\u00e9 par l\u2019organisme isra\u00e9lien Green 2000, avec un financement g\u00e9r\u00e9 par Locafrique de Khadim Ba. Ce sont les retards de d\u00e9caissement de Locafrique qui avaient \u00e9t\u00e9 \u00e0 la base de l\u2019envoi de l\u2019Igf pour contr\u00f4ler le Prodac.<\/p>\n\n\n\n<p><br><strong>bsakho@lequotidien.sn<\/strong><\/p>\n","protected":false},"excerpt":{"rendered":"<p>Mame Mbaye Niang a d\u00e9clar\u00e9 hier avoir port\u00e9 plainte contre Ousmane Sonko pour diffamation, dans le cadre de l\u2019affaire dite<\/p>\n","protected":false},"author":1,"featured_media":3842,"comment_status":"open","ping_status":"open","sticky":false,"template":"","format":"standard","meta":{"footnotes":""},"categories":[6],"tags":[],"class_list":["post-3841","post","type-post","status-publish","format-standard","has-post-thumbnail","hentry","category-politics"],"_links":{"self":[{"href":"https:\/\/dekkbi.com\/index.php?rest_route=\/wp\/v2\/posts\/3841","targetHints":{"allow":["GET"]}}],"collection":[{"href":"https:\/\/dekkbi.com\/index.php?rest_route=\/wp\/v2\/posts"}],"about":[{"href":"https:\/\/dekkbi.com\/index.php?rest_route=\/wp\/v2\/types\/post"}],"author":[{"embeddable":true,"href":"https:\/\/dekkbi.com\/index.php?rest_route=\/wp\/v2\/users\/1"}],"replies":[{"embeddable":true,"href":"https:\/\/dekkbi.com\/index.php?rest_route=%2Fwp%2Fv2%2Fcomments&post=3841"}],"version-history":[{"count":1,"href":"https:\/\/dekkbi.com\/index.php?rest_route=\/wp\/v2\/posts\/3841\/revisions"}],"predecessor-version":[{"id":3843,"href":"https:\/\/dekkbi.com\/index.php?rest_route=\/wp\/v2\/posts\/3841\/revisions\/3843"}],"wp:featuredmedia":[{"embeddable":true,"href":"https:\/\/dekkbi.com\/index.php?rest_route=\/wp\/v2\/media\/3842"}],"wp:attachment":[{"href":"https:\/\/dekkbi.com\/index.php?rest_route=%2Fwp%2Fv2%2Fmedia&parent=3841"}],"wp:term":[{"taxonomy":"category","embeddable":true,"href":"https:\/\/dekkbi.com\/index.php?rest_route=%2Fwp%2Fv2%2Fcategories&post=3841"},{"taxonomy":"post_tag","embeddable":true,"href":"https:\/\/dekkbi.com\/index.php?rest_route=%2Fwp%2Fv2%2Ftags&post=3841"}],"curies":[{"name":"wp","href":"https:\/\/api.w.org\/{rel}","templated":true}]}}