{"id":3838,"date":"2022-11-24T16:28:47","date_gmt":"2022-11-24T16:28:47","guid":{"rendered":"https:\/\/dekkbi.com\/?p=3838"},"modified":"2022-11-24T16:28:48","modified_gmt":"2022-11-24T16:28:48","slug":"budget-prise-en-charge-dans-les-hopitaux-plus-de-200-milliards-pour-soigner-la-sante","status":"publish","type":"post","link":"https:\/\/dekkbi.com\/?p=3838","title":{"rendered":"Budget \u2013 Prise en charge dans les h\u00f4pitaux : Plus de 200 milliards pour soigner la sant\u00e9"},"content":{"rendered":"\n<p><strong>Arr\u00eat\u00e9 \u00e0 la somme de 272&nbsp;milliards 474&nbsp;millions 429&nbsp;mille 117 F Cfa en autorisation d\u2019engagement et \u00e0 242&nbsp;milliards 474&nbsp;millions 429&nbsp;mille 117 F Cfa en cr\u00e9dits de paiement, le budget 2023 du minist\u00e8re de la Sant\u00e9 et de l\u2019action sociale a \u00e9t\u00e9 vot\u00e9 hier \u00e0 l\u2019Assembl\u00e9e nationale. Le dossier de Le Dantec, l\u2019accueil dans les structures de sant\u00e9, le recrutement de m\u00e9decins sp\u00e9cialistes \u00e9taient, entre autres questions, au c\u0153ur des d\u00e9bats qui ont tir\u00e9 longueur.<\/strong><\/p>\n\n\n\n<p><strong>Par Aliou DIALLO \u2013<\/strong>&nbsp;Adopt\u00e9 hier par l\u2019Assembl\u00e9e nationale, le budget 2023 du minist\u00e8re de la Sant\u00e9 et de l\u2019action sociale est arr\u00eat\u00e9 \u00e0 la somme de 272&nbsp;milliards 474&nbsp;millions 429&nbsp;mille 117 F Cfa en autorisation d\u2019engagement et \u00e0 242&nbsp;milliards 474&nbsp;millions 429&nbsp;mille 117 F Cfa en cr\u00e9dits de paiement. Pour 2023, la ministre de la Sant\u00e9 compte se focaliser sur la relance de l\u2019industrie pharmaceutique locale, le renforcement de la lutte contre les maladies transmissibles et non transmissibles. Autres priorit\u00e9s, d\u2019apr\u00e8s Marie Kh\u00e9messe Ngom Ndiaye, ce sont le renforcement de l\u2019accessibilit\u00e9 g\u00e9ographique \u00e0 des services de sant\u00e9 de qualit\u00e9, le renforcement de l\u2019acc\u00e8s aux technologies d\u2019assistance aux personnes handicap\u00e9es. Face \u00e0 elle, les d\u00e9put\u00e9s ont \u00e9voqu\u00e9 plusieurs questions dont la fermeture pour reconstruction de l\u2019h\u00f4pital Aristide Le Dantec.<\/p>\n\n\n\n<p>Le \u00abd\u00e9faut\u00bb d\u2019accueil dans les structures sanitaires est aussi plusieurs fois revenu dans les interventions, comme \u00e0 chaque passage du d\u00e9tenteur du portefeuille de la sant\u00e9 en pl\u00e9ni\u00e8re. La d\u00e9put\u00e9e A\u00efcha Tour\u00e9 a demand\u00e9 des sanctions \u00abs\u00e9v\u00e8res avec consistance\u00bb, \u00e0 l\u2019encontre des agents qui \u00abhumilient les patients de par leurs mauvais comportements\u00bb. En outre, la ministre de la Sant\u00e9, Marie Kh\u00e9messe Ngom Ndiaye, a \u00e9t\u00e9 interpell\u00e9e sur la loi d\u2019orientation sociale relative aux personnes en situation de handicap. Mais aussi, la probl\u00e9matique de la sant\u00e9 mentale a \u00e9t\u00e9 abord\u00e9e avec un plaidoyer pour la construction de centres d\u2019accueil des malades mentaux.<\/p>\n\n\n\n<p>Concernant la situation dans les zones les plus recul\u00e9es du pays, les repr\u00e9sentants du Peuple ont d\u00e9cri\u00e9 de nombreux probl\u00e8mes. Ils ont pour noms : le manque de bloc op\u00e9ratoire, de scanner, le d\u00e9ficit de sp\u00e9cialistes dans certaines r\u00e9gions. Les d\u00e9put\u00e9s ont \u00e9galement insist\u00e9 sur la n\u00e9cessit\u00e9 de fournir les postes et centres de sant\u00e9 en ambulances. \u00abUne commune, une ambulance\u00bb, pr\u00f4ne un d\u00e9put\u00e9. Le parlementaire, Thierno Alassane Sall, pour sa part, s\u2019est appesanti sur ce qu\u2019il a appel\u00e9 \u00ables causes syst\u00e9miques\u00bb li\u00e9es aux probl\u00e8mes dans les h\u00f4pitaux, en citant l\u2019exemple de l\u2019incendie de Lingu\u00e8re, mais aussi de Tivaouane qui avaient fait plusieurs morts. Il a ainsi propos\u00e9 la mise en place d\u2019une Com\u00admission ind\u00e9pendante pour \u00e9clairer les S\u00e9n\u00e9galais sur la gestion des structures sanitaires.<\/p>\n\n\n\n<p>Globalement, les parlementaires ont sollicit\u00e9 le rel\u00e8vement du plateau technique, ainsi que le renforcement des agents, notamment des cardiologues, n\u00e9phrologues, p\u00e9diatres, ophtalmologues, entre autres, sur l\u2019ensemble du territoire national. Ces derniers ont aussi demand\u00e9 la facilitation des proc\u00e9dures pour une meilleure prise en charge des malades du cancer, des insuffisants r\u00e9naux et des personnes atteintes de maladies tropicales n\u00e9glig\u00e9es. Selon les d\u00e9put\u00e9s, la prise en charge sanitaire des citoyens partout o\u00f9 ils se trouvent passe par l\u2019\u00e9largissement de la carte sanitaire. Ainsi il a \u00e9t\u00e9 demand\u00e9 la construction d\u2019h\u00f4pitaux de r\u00e9f\u00e9rence \u00e0 Bignona, Kidira et Koungheul, de centre de sant\u00e9 \u00e0 Pire, etc.<\/p>\n\n\n\n<p>Pour la gestion en cours, au 30 septembre 2022, le minist\u00e8re est \u00e0 un taux d\u2019ex\u00e9cution global du budget de 64,32%, d\u2019apr\u00e8s Marie Kh\u00e9messe Ngom Ndiaye. Elle affirme que ce taux va sensiblement augmenter \u00e0 la fin de l\u2019exercice, avec une projection de l\u2019ordre de 95%. Ce qui a permis, dit-elle,\u00a0l\u2019am\u00e9lioration des indicateurs de la sant\u00e9 de la m\u00e8re et de l\u2019enfant, l\u2019augmentation du nombre de centres de dialyse, l\u2019ouverture et le fonctionnement des h\u00f4pitaux d\u2019Agnam, de Kaffrine, de K\u00e9dougou, de S\u00e9dhiou et de Touba. Mais aussi le renforcement des \u00e9quipements dans les h\u00f4pitaux, les centres et postes de sant\u00e9 ainsi que l\u2019augmentation du nombre de sp\u00e9cialistes form\u00e9s et recrut\u00e9s, d\u00e9clare la ministre. Relativement au recrutement du personnel de sant\u00e9, la tutelle informe que ces derni\u00e8res ann\u00e9es, il est de l\u2019ordre de 20\u00a0mille 126 agents, soit un impact budg\u00e9taire d\u2019environ 12 milliards de francs Cfa. S\u2019agissant de la dette de la Couverture maladie universelle (Cmu), Marie Kh\u00e9messe Ngom Ndiaye a inform\u00e9 les d\u00e9put\u00e9s qu\u2019elle est d\u2019environ 29,5 milliards de francs Cfa \u00e0 la date de septembre 2022.<\/p>\n\n\n\n<p>LEQUOTIDIEN<\/p>\n","protected":false},"excerpt":{"rendered":"<p>Arr\u00eat\u00e9 \u00e0 la somme de 272&nbsp;milliards 474&nbsp;millions 429&nbsp;mille 117 F Cfa en autorisation d\u2019engagement et \u00e0 242&nbsp;milliards 474&nbsp;millions 429&nbsp;mille 117<\/p>\n","protected":false},"author":1,"featured_media":3839,"comment_status":"open","ping_status":"open","sticky":false,"template":"","format":"standard","meta":{"footnotes":""},"categories":[6],"tags":[],"class_list":["post-3838","post","type-post","status-publish","format-standard","has-post-thumbnail","hentry","category-politics"],"_links":{"self":[{"href":"https:\/\/dekkbi.com\/index.php?rest_route=\/wp\/v2\/posts\/3838","targetHints":{"allow":["GET"]}}],"collection":[{"href":"https:\/\/dekkbi.com\/index.php?rest_route=\/wp\/v2\/posts"}],"about":[{"href":"https:\/\/dekkbi.com\/index.php?rest_route=\/wp\/v2\/types\/post"}],"author":[{"embeddable":true,"href":"https:\/\/dekkbi.com\/index.php?rest_route=\/wp\/v2\/users\/1"}],"replies":[{"embeddable":true,"href":"https:\/\/dekkbi.com\/index.php?rest_route=%2Fwp%2Fv2%2Fcomments&post=3838"}],"version-history":[{"count":1,"href":"https:\/\/dekkbi.com\/index.php?rest_route=\/wp\/v2\/posts\/3838\/revisions"}],"predecessor-version":[{"id":3840,"href":"https:\/\/dekkbi.com\/index.php?rest_route=\/wp\/v2\/posts\/3838\/revisions\/3840"}],"wp:featuredmedia":[{"embeddable":true,"href":"https:\/\/dekkbi.com\/index.php?rest_route=\/wp\/v2\/media\/3839"}],"wp:attachment":[{"href":"https:\/\/dekkbi.com\/index.php?rest_route=%2Fwp%2Fv2%2Fmedia&parent=3838"}],"wp:term":[{"taxonomy":"category","embeddable":true,"href":"https:\/\/dekkbi.com\/index.php?rest_route=%2Fwp%2Fv2%2Fcategories&post=3838"},{"taxonomy":"post_tag","embeddable":true,"href":"https:\/\/dekkbi.com\/index.php?rest_route=%2Fwp%2Fv2%2Ftags&post=3838"}],"curies":[{"name":"wp","href":"https:\/\/api.w.org\/{rel}","templated":true}]}}