{"id":38357,"date":"2024-07-11T11:02:44","date_gmt":"2024-07-11T11:02:44","guid":{"rendered":"https:\/\/dekkbi.com\/?p=38357"},"modified":"2024-07-11T11:02:44","modified_gmt":"2024-07-11T11:02:44","slug":"plus-de-186-000-morts-a-gaza-quelle-fiabilite-pour-lestimation-publiee-sur-le-site-the-lancet","status":"publish","type":"post","link":"https:\/\/dekkbi.com\/?p=38357","title":{"rendered":"\u00ab\u00a0Plus de 186 000 morts\u00a0\u00bb \u00e0 Gaza : quelle fiabilit\u00e9 pour l&rsquo;estimation publi\u00e9e sur le site The Lancet ?"},"content":{"rendered":"\n<p>\u00ab\u00a0Il n&rsquo;est pas invraisemblable d&rsquo;estimer que jusqu&rsquo;\u00e0 186 000 morts, voire plus, pourraient \u00eatre imputables au conflit actuel \u00e0 Gaza\u00a0\u00bb. Selon une \u00ab\u00a0lettre\u00a0\u00bb publi\u00e9e sur le site du Lancet, le bilan humain dans le territoire palestinien en guerre depuis 10 mois avec Isra\u00ebl, serait beaucoup plus \u00e9lev\u00e9 que les plus de 38 300 annonc\u00e9s par le minist\u00e8re de la Sant\u00e9 du Hamas.<\/p>\n\n\n\n<p> Comment ses auteurs sont-ils parvenus \u00e0 cette estimation ? <\/p>\n\n\n\n<p>Leur chiffre est-il cr\u00e9dible ? <\/p>\n\n\n\n<p>D\u00e9cryptage.<\/p>\n\n\n\n<p>Par : Marc DAOU AVEC FRANCE24<\/p>\n\n\n\n<p><\/p>\n\n\n\n<p>Selon une publication intitul\u00e9e \u00ab\u00a0Compter les morts \u00e0 Gaza : difficile mais essentiel\u00a0\u00bb, mise en ligne vendredi 5 juillet sur le site Internet de la c\u00e9l\u00e8bre revue m\u00e9dicale britannique\u00a0The Lancet, \u00ab\u00a0il n&rsquo;est pas invraisemblable d&rsquo;estimer que jusqu&rsquo;\u00e0 186\u00a0000 morts, voire plus, pourraient \u00eatre imputables au conflit actuel \u00e0\u00a0Gaza\u00a0\u00bb.<\/p>\n\n\n\n<p>En se basant sur \u00ab\u00a0une estimation de la population de la bande de Gaza en 2022,&nbsp;qui s\u2019\u00e9levait \u00e0 2 375 259 habitants, cela repr\u00e9senterait 7 \u00e0 9 % de la population totale de la bande de Gaza\u00a0\u00bb, poursuivent les auteurs de \u00ab\u00a0La lettre\u00a0\u00bb, publi\u00e9e dans la rubrique \u00ab\u00a0Correspondances\u00a0\u00bb du site.<\/p>\n\n\n\n<p>Des chiffres largement sup\u00e9rieurs au bilan communiqu\u00e9, mercredi 10 juillet, par le minist\u00e8re de la Sant\u00e9 de Gaza, faisant \u00e9tat de 38\u00a0300 morts dans le territoire palestinien depuis le d\u00e9but de l\u2019offensive de l\u2019\u00c9tat h\u00e9breu contre le\u00a0Hamas, en r\u00e9ponse \u00e0 l\u2019attaque du 7 octobre perp\u00e9tr\u00e9e par le mouvement islamiste sur le sol isra\u00e9lien.<\/p>\n\n\n\n<h2 class=\"wp-block-heading\"><strong>Morts directes et morts indirectes<\/strong><\/h2>\n\n\n\n<p>Sign\u00e9e par Rasha Khatib, chercheuse au sein de l\u2019Institut am\u00e9ricain\u00a0Advocate Aurora Health\u00a0et de l\u2019Institut de sant\u00e9 publique de l\u2019Universit\u00e9 de Beir Zeit, en Cisjordanie occup\u00e9e, Martin McKee, professeur de sant\u00e9 publique europ\u00e9enne \u00e0 la\u00a0London School of Hygiene &amp; Tropical Medicine\u00a0et membre du Comit\u00e9 consultatif international de l&rsquo;Institut national isra\u00e9lien de recherche sur les politiques de sant\u00e9, et par Salim Yusuf, professeur distingu\u00e9 en m\u00e9decine \u00e0 l\u2019Universit\u00e9 McMaster\u00a0et \u00e0 l\u2019Hamilton Health Sciences, au Canada, cette publication, qui comprend un bilan estim\u00e9 de morts directes et indirectes du conflit, n\u2019a pas manqu\u00e9 de faire couler beaucoup d\u2019encre.<\/p>\n\n\n\n<p>Et ce, alors m\u00eame qu\u2019il ne s\u2019agit ni d\u2019un rapport, ni d\u2019une \u00e9tude scientifique. Sur le site du Lancet, il est pr\u00e9cis\u00e9 que les correspondances ou \u00ab\u00a0lettres\u00a0\u00bb sont des \u00ab\u00a0r\u00e9flexions\u00a0\u00bb de lecteurs portant \u00ab\u00a0sur le contenu publi\u00e9 dans [ses] revues, ou sur d\u2019autres sujets d\u2019int\u00e9r\u00eat g\u00e9n\u00e9ral\u00a0\u00bb qui ne passent pas \u00ab\u00a0habituellement\u00a0\u00bb par le processus dit d\u2019\u00e9valuation par les pairs (peer review, en anglais). Une&nbsp;\u00e9tape largement admise comme la m\u00e9thode de validation de r\u00e9f\u00e9rence, par des experts dans leur domaine, des r\u00e9sultats scientifiques des chercheurs.<\/p>\n\n\n\n<p>Concr\u00e8tement, pour parvenir \u00e0 l&rsquo;estimation de 186&nbsp;000 morts, les auteurs sont partis du principe que \u00ab\u00a0les conflits arm\u00e9s ont des r\u00e9percussions indirectes sur la sant\u00e9, au-del\u00e0 des dommages directs caus\u00e9s par la violence\u00a0\u00bb. Ils ont donc appliqu\u00e9 une \u00ab\u00a0estimation&nbsp;prudente\u00a0\u00bb de quatre morts indirectes pour un d\u00e9c\u00e8s direct, en basant leur calcul sur le nombre de 37 396 morts enregistr\u00e9, le 19 juin, par le minist\u00e8re de la Sant\u00e9 du Hamas \u2013 le mouvement palestinien est au pouvoir \u00e0 Gaza depuis son coup de force en juin 2007.&nbsp;Un nombre qu\u2019ils estiment \u00ab\u00a0probablement sous-estim\u00e9\u00a0\u00bb en raison des difficult\u00e9s rencontr\u00e9es sur le terrain pour effectuer des bilans quotidiens.<\/p>\n\n\n\n<p>Pour arr\u00eater leur estimation \u00e0 \u00ab\u00a0quatre morts indirectes pour un d\u00e9c\u00e8s direct\u00a0\u00bb les auteurs se sont appuy\u00e9s\u00a0sur un rapport publi\u00e9 en 2008 par le Secr\u00e9tariat de la D\u00e9claration de Gen\u00e8ve\u00a0sur les conflits arm\u00e9s. Le document \u00e9voque des \u00ab\u00a0\u00e9tudes montr[a]nt qu\u2019il y a entre trois et quinze fois plus de personnes qui meurent indirectement pour chaque personne qui meurt de mani\u00e8re violente\u00a0\u00bb. Mais les signataires de la \u00ab\u00a0lettre\u00a0\u00bb n\u2019ont pas pr\u00e9cis\u00e9 la raison pour laquelle ils ont retenu le chiffre quatre pour leur \u00ab\u00a0estimation prudente\u00a0\u00bb.\u00a0S\u2019inscrivant en droite ligne des pol\u00e9miques relatives aux bilans humains en provenance de Gaza, la publication n\u2019a pas manqu\u00e9 de provoquer un flot de r\u00e9actions en ligne.<\/p>\n\n\n\n<p>D\u2019un c\u00f4t\u00e9, elle est vertement critiqu\u00e9e par ceux qui voient une publication biais\u00e9e, une m\u00e9thode de calcul contestable et des estimations hypoth\u00e9tiques.\u00a0Pour le journal isra\u00e9lien The Jerusalem Post, The Lancet a accord\u00e9 \u00e0 cette publication une forme de \u00ab\u00a0fiabilit\u00e9\u00a0\u00bb qui a pouss\u00e9 des internautes \u00ab\u00a0anti-Isra\u00ebl\u00a0\u00bb \u00e0 \u00ab\u00a0massivement propager la nouvelle calomnie\u00a0sur les r\u00e9seaux sociaux\u00a0\u00bb.<\/p>\n\n\n\n<p>Pour afficher ce contenu X (Twitter), il est n\u00e9cessaire d&rsquo;autoriser les cookies de mesure d&rsquo;audience et de publicit\u00e9.AccepterG\u00e9rer mes choix<\/p>\n\n\n\n<p>De l&rsquo;autre, la correspondance, qui a \u00e9t\u00e9 reprise\u00a0par plusieurs m\u00e9dias internationaux, est salu\u00e9e et relay\u00e9e pour exprimer des messages de soutien \u00e0 la population gazaouie et des appels \u00e0 la fin des op\u00e9rations militaires isra\u00e9liennes \u00e0 Gaza.<\/p>\n\n\n\n<p>Ainsi, la rapporteure sp\u00e9ciale des Nations unies dans les territoires palestiniens, Francesca Albanese, l\u2019a diffus\u00e9e sur son compte X pour illustrer les cons\u00e9quences de ce qu\u2019elle d\u00e9signe comme \u00ab\u00a09 mois de g\u00e9nocide\u00a0\u00bb \u00e0 Gaza.<\/p>\n\n\n\n<h2 class=\"wp-block-heading\"><strong>Une estimation \u00ab\u00a0coh\u00e9rente\u00a0\u00bb, selon M\u00e9decins du monde<\/strong><\/h2>\n\n\n\n<p>L&rsquo;estimation avanc\u00e9e par cette \u00ab\u00a0lettre\u00a0\u00bb est-elle cr\u00e9dible ? Oui, selon certaines ONG actives dans le territoire palestinien.<\/p>\n\n\n\n<p>\u00ab\u00a0Ce bilan de 186&nbsp;000 morts \u00e9voqu\u00e9 dans The Lancet est coh\u00e9rent avec la situation sanitaire, militaire, g\u00e9opolitique du fait du blocus maritime, a\u00e9rien et terrestre inflig\u00e9 \u00e0 la bande de Gaza, estime Jean-Fran\u00e7ois Corty, m\u00e9decin humanitaire et pr\u00e9sident de l\u2019ONG M\u00e9decins du monde. Cette estimation t\u00e9moigne vraiment du drame absolu v\u00e9cu sur place par la population\u00a0\u00bb.<\/p>\n\n\n\n<p>\u00ab\u00a0D\u00e9j\u00e0 depuis novembre \/ d\u00e9cembre, je dis que les chiffres qui sont mis en avant sont sous-calibr\u00e9s par rapport \u00e0 la r\u00e9alit\u00e9, dans un contexte o\u00f9 il y a beaucoup de propagande autour des bilans humains, comme dans beaucoup de conflits et pas exclusivement \u00e0 Gaza. Depuis le d\u00e9but de la controverse sur les chiffres du minist\u00e8re de la Sant\u00e9 du Hamas, qui seraient probablement faux, je dis qu\u2019ils sont probablement faux oui, mais parce qu&rsquo;ils sont minor\u00e9s\u00a0\u00bb.<\/p>\n\n\n\n<p>Pour afficher ce contenu X (Twitter), il est n\u00e9cessaire d&rsquo;autoriser les cookies de mesure d&rsquo;audience et de publicit\u00e9.AccepterG\u00e9rer mes choix<\/p>\n\n\n\n<p>Jean-Fran\u00e7ois Corty affirme que les bilans du minist\u00e8re de la Sant\u00e9 du Hamas prennent en consid\u00e9ration les morts identifi\u00e9s, \u00ab\u00a0sans prendre en compte tous les morts rest\u00e9s sous les d\u00e9combres des bombardements, ou les victimes indirectes d\u00e9c\u00e9d\u00e9es faute de soins ou d\u2019acc\u00e8s aux soins, de prise en charge ou faute d\u2019\u00eatre transport\u00e9es vers un centre de sant\u00e9\u00a0\u00bb.<\/p>\n\n\n\n<p>Le pr\u00e9sident de l\u2019ONG, qui dispose d\u2019une \u00e9quipe compos\u00e9e d\u2019une cinquantaine de personnes aujourd&rsquo;hui \u00e0 Deir Al-Balah, dans le centre de la bande de Gaza, rappelle qu\u2019il y avait 35 h\u00f4pitaux fonctionnels \u00e0 Gaza avant le 7 octobre, \u00ab\u00a0avec un bon niveau m\u00e9dical, des dizaines, voire centaines de centres de sant\u00e9 de proximit\u00e9\u00a0\u00bb.<\/p>\n\n\n\n<p>\u00ab\u00a0Mais aujourd\u2019hui, la plupart de ces h\u00f4pitaux ne sont plus fonctionnels, il n\u2019en reste plus qu\u2019entre 5 et 10, et ils sont satur\u00e9s de malades, ajoute-t-il. Ils n&rsquo;accueillent pas que des malades, ils abritent des familles de d\u00e9plac\u00e9s aussi, et ils sont en rupture de tout, de fioul pour leur groupe \u00e9lectrog\u00e8ne, de m\u00e9dicaments et de mat\u00e9riels m\u00e9dicaux et chirurgicaux\u00a0\u00bb.<\/p>\n\n\n\n<p>\u00ab\u00a0Si vous ajoutez\u00a0ceux qui risquent de mourir de malnutrition\u00a0ou des suites de leurs blessures inflig\u00e9es par les bombardements isra\u00e9liens dans les semaines et les mois qui viennent, \u00e0 cause des risques de surinfection et parce que leur pathologie va \u00eatre prise en charge tardivement, alors oui, conclut-il, ce chiffre de 186\u202f000 morts \u00e9voqu\u00e9 dans The Lancet est cr\u00e9dible\u00a0\u00bb.<\/p>\n","protected":false},"excerpt":{"rendered":"<p>\u00ab\u00a0Il n&rsquo;est pas invraisemblable d&rsquo;estimer que jusqu&rsquo;\u00e0 186 000 morts, voire plus, pourraient \u00eatre imputables au conflit actuel \u00e0 Gaza\u00a0\u00bb.<\/p>\n","protected":false},"author":1,"featured_media":30035,"comment_status":"open","ping_status":"open","sticky":false,"template":"","format":"standard","meta":{"footnotes":""},"categories":[51],"tags":[],"class_list":["post-38357","post","type-post","status-publish","format-standard","has-post-thumbnail","hentry","category-general"],"_links":{"self":[{"href":"https:\/\/dekkbi.com\/index.php?rest_route=\/wp\/v2\/posts\/38357","targetHints":{"allow":["GET"]}}],"collection":[{"href":"https:\/\/dekkbi.com\/index.php?rest_route=\/wp\/v2\/posts"}],"about":[{"href":"https:\/\/dekkbi.com\/index.php?rest_route=\/wp\/v2\/types\/post"}],"author":[{"embeddable":true,"href":"https:\/\/dekkbi.com\/index.php?rest_route=\/wp\/v2\/users\/1"}],"replies":[{"embeddable":true,"href":"https:\/\/dekkbi.com\/index.php?rest_route=%2Fwp%2Fv2%2Fcomments&post=38357"}],"version-history":[{"count":1,"href":"https:\/\/dekkbi.com\/index.php?rest_route=\/wp\/v2\/posts\/38357\/revisions"}],"predecessor-version":[{"id":38358,"href":"https:\/\/dekkbi.com\/index.php?rest_route=\/wp\/v2\/posts\/38357\/revisions\/38358"}],"wp:featuredmedia":[{"embeddable":true,"href":"https:\/\/dekkbi.com\/index.php?rest_route=\/wp\/v2\/media\/30035"}],"wp:attachment":[{"href":"https:\/\/dekkbi.com\/index.php?rest_route=%2Fwp%2Fv2%2Fmedia&parent=38357"}],"wp:term":[{"taxonomy":"category","embeddable":true,"href":"https:\/\/dekkbi.com\/index.php?rest_route=%2Fwp%2Fv2%2Fcategories&post=38357"},{"taxonomy":"post_tag","embeddable":true,"href":"https:\/\/dekkbi.com\/index.php?rest_route=%2Fwp%2Fv2%2Ftags&post=38357"}],"curies":[{"name":"wp","href":"https:\/\/api.w.org\/{rel}","templated":true}]}}