{"id":38351,"date":"2024-07-11T10:57:12","date_gmt":"2024-07-11T10:57:12","guid":{"rendered":"https:\/\/dekkbi.com\/?p=38351"},"modified":"2024-07-11T11:04:08","modified_gmt":"2024-07-11T11:04:08","slug":"presidentielle-au-rwanda-face-a-paul-kagame-les-deux-memes-adversaires-quen-2017","status":"publish","type":"post","link":"https:\/\/dekkbi.com\/?p=38351","title":{"rendered":"Rwanda &#8211; Face \u00e0 Paul Kagame, les deux m\u00eames adversaires qu\u2019en 2017"},"content":{"rendered":"\n<p>L\u2019\u00e9lection pr\u00e9sidentielle du 15 juillet au Rwanda opposera le pr\u00e9sident Paul Kagame, grandissime favori \u00e0 sa propre succession, aux m\u00eames adversaires que lors du scrutin de 2017: le dirigeant du seul parti d\u2019opposition autoris\u00e9 Frank Habineza et le candidat ind\u00e9pendant Philippe Mpayimana.<\/p>\n\n\n\n<h2 class=\"wp-block-heading\">Frank Habineza, visage de l\u2019opposition autoris\u00e9e<\/h2>\n\n\n\n<p>\u00c2g\u00e9 de 47 ans, Frank Habineza est le fondateur et dirigeant du Parti d\u00e9mocratique vert (DGPR), seule formation d\u2019opposition autoris\u00e9e par le pouvoir. En 2017, il avait obtenu 0,48% des suffrages.<\/p>\n\n\n\n<p>Avant de s\u2019engager en politique, Frank Habineza a travaill\u00e9 au minist\u00e8re des Terres, de l\u2019Environnement, des Eaux, des For\u00eats et des Mines et dans des organisations de protection de l\u2019environnement.<\/p>\n\n\n\n<p>Son d\u00e9part en ao\u00fbt 2009 du parti au pouvoir, le Front patriotique rwandais (FPR), a marqu\u00e9 le d\u00e9but d\u2019un parcours politique fait de menaces de mort, de prison et d\u2019exil.<\/p>\n\n\n\n<p>En 2010, son ami et vice-pr\u00e9sident du parti, Andr\u00e9 Kagwa Rwisereka, a \u00e9t\u00e9 retrouv\u00e9 quasi-d\u00e9capit\u00e9, un meurtre non \u00e9lucid\u00e9 dans lequel le pouvoir a d\u00e9menti toute implication. Frank Habineza part alors en Su\u00e8de avec sa famille.<\/p>\n\n\n\n<p>Il revient au Rwanda en 2012, laissant en Scandinavie sa femme et ses trois enfants. \u201cVous ne pouvez rien changer en restant assis \u00e0 faire de la politique de salon\u201d, d\u00e9clarait-il \u00e0 l\u2019AFP en mars: \u201cVous devez \u00eatre \u00e0 l\u2019int\u00e9rieur du syst\u00e8me, combattre le syst\u00e8me\u201d.<\/p>\n\n\n\n<p>Finalement autoris\u00e9 par le pouvoir en 2013, le DGPR \u2013-qui revendique un million de membres-\u2013 a fait son entr\u00e9e \u00e0 l\u2019Assembl\u00e9e nationale en 2018 avec l\u2019\u00e9lection de deux d\u00e9put\u00e9s, dont M. Habineza.<\/p>\n\n\n\n<p>Durant sa campagne, il a promis notamment l\u2019augmentation des salaires des m\u00e9decins et enseignants, l\u2019abolition de la taxe fonci\u00e8re, une modernisation de l\u2019agriculture permettant d\u2019augmenter la production tout en prot\u00e9geant l\u2019environnement&#8230;<\/p>\n\n\n\n<p>Il r\u00e9clame \u00e9galement une plus grande libert\u00e9 d\u2019expression dans le pays, tout en prenant soin de ne pas attaquer frontalement le tout-puissant Paul Kagame.<\/p>\n\n\n\n<h2 class=\"wp-block-heading\">Philippe Mpayimana, ind\u00e9pendant et \u201copposant pacifique\u201d<\/h2>\n\n\n\n<p>Philippe Mpayimana, 54 ans, se pr\u00e9sente pour la deuxi\u00e8me fois \u00e0 la pr\u00e9sidentielle en tant que candidat ind\u00e9pendant. En 2017, il avait r\u00e9colt\u00e9 0,73% des voix.<\/p>\n\n\n\n<p>Cet ancien journaliste, ayant notamment travaill\u00e9 en 1990-91 aux d\u00e9buts de la cha\u00eene de t\u00e9l\u00e9vision rwandaise (TVR), a quitt\u00e9 le Rwanda en 1994 pour la RDC, en m\u00eame temps que des centaines de milliers de Hutu fuyant l\u2019avanc\u00e9e du FPR, r\u00e9bellion tutsi qui allait mettre fin au g\u00e9nocide et prendre le pouvoir.<\/p>\n\n\n\n<p>Il a v\u00e9cu au Congo Brazzaville, au Cameroun avant de s\u2019installer en France en 2003. Depuis 2012, il partage son temps entre la France et le Rwanda.<\/p>\n\n\n\n<p>Il se pr\u00e9sente comme un \u201copposant pacifique\u201d.<\/p>\n\n\n\n<p>\u201cJe suis un opposant dans le sens rwandais du terme. Pour certains, s\u2019opposer c\u2019est s\u2019insulter, passer son temps \u00e0 dire du mal\u201d, explique-t-il, disant se pr\u00e9senter \u00e0 l\u2019\u00e9lection \u201csans montrer une quelconque hostilit\u00e9\u201d et en consid\u00e9rant \u201cles acquis\u201d des ann\u00e9es Kagame.<\/p>\n\n\n\n<p>\u201cJe reconnais le bon bilan mais je ne souhaite pas que mon peuple continue uniquement \u00e0 applaudir, nous devons pr\u00e9parer l\u2019apr\u00e8s\u201d, explique-t-il, disant notamment vouloir r\u00e9former le Code du travail et r\u00e9nover et d\u00e9velopper les infrastructures de transports.<\/p>\n\n\n\n<p>Il est depuis 2021 \u201cexpert principal sur l\u2019engagement communautaire\u201d au minist\u00e8re rwandais de l\u2019Unit\u00e9 nationale et de l\u2019engagement civique.<\/p>\n\n\n\n<p>Il a \u00e9galement \u00e9crit plusieurs ouvrages, livrant ses r\u00e9flexions sur la soci\u00e9t\u00e9 rwandaise.<\/p>\n","protected":false},"excerpt":{"rendered":"<p>L\u2019\u00e9lection pr\u00e9sidentielle du 15 juillet au Rwanda opposera le pr\u00e9sident Paul Kagame, grandissime favori \u00e0 sa propre succession, aux m\u00eames<\/p>\n","protected":false},"author":1,"featured_media":38352,"comment_status":"open","ping_status":"open","sticky":false,"template":"","format":"standard","meta":{"footnotes":""},"categories":[51],"tags":[],"class_list":["post-38351","post","type-post","status-publish","format-standard","has-post-thumbnail","hentry","category-general"],"_links":{"self":[{"href":"https:\/\/dekkbi.com\/index.php?rest_route=\/wp\/v2\/posts\/38351","targetHints":{"allow":["GET"]}}],"collection":[{"href":"https:\/\/dekkbi.com\/index.php?rest_route=\/wp\/v2\/posts"}],"about":[{"href":"https:\/\/dekkbi.com\/index.php?rest_route=\/wp\/v2\/types\/post"}],"author":[{"embeddable":true,"href":"https:\/\/dekkbi.com\/index.php?rest_route=\/wp\/v2\/users\/1"}],"replies":[{"embeddable":true,"href":"https:\/\/dekkbi.com\/index.php?rest_route=%2Fwp%2Fv2%2Fcomments&post=38351"}],"version-history":[{"count":4,"href":"https:\/\/dekkbi.com\/index.php?rest_route=\/wp\/v2\/posts\/38351\/revisions"}],"predecessor-version":[{"id":38360,"href":"https:\/\/dekkbi.com\/index.php?rest_route=\/wp\/v2\/posts\/38351\/revisions\/38360"}],"wp:featuredmedia":[{"embeddable":true,"href":"https:\/\/dekkbi.com\/index.php?rest_route=\/wp\/v2\/media\/38352"}],"wp:attachment":[{"href":"https:\/\/dekkbi.com\/index.php?rest_route=%2Fwp%2Fv2%2Fmedia&parent=38351"}],"wp:term":[{"taxonomy":"category","embeddable":true,"href":"https:\/\/dekkbi.com\/index.php?rest_route=%2Fwp%2Fv2%2Fcategories&post=38351"},{"taxonomy":"post_tag","embeddable":true,"href":"https:\/\/dekkbi.com\/index.php?rest_route=%2Fwp%2Fv2%2Ftags&post=38351"}],"curies":[{"name":"wp","href":"https:\/\/api.w.org\/{rel}","templated":true}]}}