{"id":38339,"date":"2024-07-11T10:37:07","date_gmt":"2024-07-11T10:37:07","guid":{"rendered":"https:\/\/dekkbi.com\/?p=38339"},"modified":"2024-07-11T10:37:08","modified_gmt":"2024-07-11T10:37:08","slug":"appel-a-une-large-concertation-sur-lavenir-numerique-du-senegal-contexte-politique-et-socio-economique","status":"publish","type":"post","link":"https:\/\/dekkbi.com\/?p=38339","title":{"rendered":"Appel \u00e0 une large concertation sur l\u2019avenir num\u00e9rique du S\u00e9n\u00e9gal: Contexte politique et socio-\u00e9conomique"},"content":{"rendered":"\n<p>Le S\u00e9n\u00e9gal est de nouveau \u00e0 la crois\u00e9e des chemins apr\u00e8s une troisi\u00e8me alternance pacifique qui voit arriver au pouvoir une nouvelle g\u00e9n\u00e9ration caract\u00e9ris\u00e9e par une forte volont\u00e9 de rupture. Cette nouvelle situation n\u00e9cessite une grande mobilisation des forces vives de la nation dans tous les domaines pour d\u00e9finir et porter les transformations syst\u00e9miques n\u00e9cessaires.<\/p>\n\n\n\n<p>Le nouveau r\u00e9gime a donn\u00e9 le ton avec les assises de la justice tenues du 28 mai au 4 juin 2024. Le Pr\u00e9sident de la R\u00e9publique a exprim\u00e9 \u00e0 plusieurs reprises la volont\u00e9 de l\u2019\u00c9tat de ma\u00eetriser notre destin num\u00e9rique et de faire de la digitalisation des administrations et des services publics un axe fondamental de ses politiques publiques. Dans sa premi\u00e8re adresse \u00e0 la nation, il d\u00e9clarait : \u00ab Nous entendons investir massivement dans la digitalisation des services et des proc\u00e9dures administratives. \u00bb<\/p>\n\n\n\n<p><strong>Objectifs strat\u00e9giques<\/strong><br>Lors du conseil des ministres du 12 juin 2024, abordant la question de la souverainet\u00e9 num\u00e9rique, le Pr\u00e9sident de la R\u00e9publique a r\u00e9it\u00e9r\u00e9 sa d\u00e9termination \u00e0 faire du num\u00e9rique un levier majeur de son action en demandant au gouvernement, entre autres :<\/p>\n\n\n\n<p>\u25cf De proc\u00e9der \u00e0 l\u2019actualisation du cadre juridique du secteur des t\u00e9l\u00e9communications et du num\u00e9rique ;<br>\u25cf De proc\u00e9der au renforcement de l\u2019am\u00e9nagement num\u00e9rique du territoire par un investissement massif dans les infrastructures pour une couverture ad\u00e9quate du pays<br>\u25cf D\u2019acc\u00e9l\u00e9rer la digitalisation int\u00e9grale des administrations.<br>Importance de la Concertation<br>Il est d\u00e8s lors \u00e9vident que le num\u00e9rique va devoir occuper une place pr\u00e9pond\u00e9rante dans l\u2019action gouvernementale dans les cinq ann\u00e9es \u00e0 venir. Pour ce faire, il est indispensable pour l\u2019autorit\u00e9 \u00e9tatique d\u2019\u00eatre \u00e0 l\u2019\u00e9coute de l\u2019\u00e9cosyst\u00e8me num\u00e9rique, d\u2019en faire un v\u00e9ritable alli\u00e9 et une force de propositions.<\/p>\n\n\n\n<p>L\u2019histoire r\u00e9cente du secteur des t\u00e9l\u00e9communications au S\u00e9n\u00e9gal nous enseigne que tous les moments charni\u00e8res ont \u00e9t\u00e9 l\u2019occasion d\u2019une introspection et d\u2019une r\u00e9flexion collectives qui ont toujours abouti \u00e0 des r\u00e9sultats inestimables :<\/p>\n\n\n\n<p>\u25cf En 1983, les Journ\u00e9es S\u00e9n\u00e9galaises des T\u00e9l\u00e9communications ont engendr\u00e9 une r\u00e9forme gouvernementale audacieuse, qui a abouti au regroupement des t\u00e9l\u00e9communications nationales et internationales dans une seule soci\u00e9t\u00e9 nationale dot\u00e9e de l\u2019autonomie de gestion.<br>\u25cf En 1995, les concertations inclusives organis\u00e9es par le Groupe de R\u00e9flexion sur la Croissance et la Comp\u00e9titivit\u00e9 (GRCC) ont favoris\u00e9 l\u2019ouverture du capital de l\u2019op\u00e9rateur historique, SONATEL, qui est devenu un acteur cl\u00e9 sur le march\u00e9 africain.<br>\u25cf En 2004, les concertations ont consacr\u00e9 la lib\u00e9ralisation totale du secteur des t\u00e9l\u00e9communications.<\/p>\n\n\n\n<p><strong>Risques de l\u2019absence de concertation<\/strong><\/p>\n\n\n\n<p>Ne pas organiser de concertations larges et inclusives pr\u00e9sente plusieurs risques :<\/p>\n\n\n\n<p>\u25cf Manque de coh\u00e9sion : l\u2019absence de concertation peut entra\u00eener un manque de coh\u00e9sion et de vision partag\u00e9e, rendant la mise en \u0153uvre des politiques num\u00e9riques inefficace.<br>\u25cf R\u00e9sistance au changement : sans l\u2019implication des parties prenantes, les r\u00e9formes peuvent rencontrer une r\u00e9sistance significative, ralentissant ou m\u00eame bloquant les initiatives de digitalisation.<br>\u25cf Opportunit\u00e9s manqu\u00e9es : ne pas tirer parti de l\u2019intelligence collective et des id\u00e9es innovantes de l\u2019\u00e9cosyst\u00e8me num\u00e9rique peut entra\u00eener des occasions manqu\u00e9es de d\u00e9veloppement et d\u2019innovation.<br>\u25cf Inad\u00e9quation des politiques : les politiques publiques risquent d\u2019\u00eatre mal adapt\u00e9es aux besoins r\u00e9els du terrain, ce qui peut conduire \u00e0 des investissements inefficaces et \u00e0 un faible retour sur investissement.<\/p>\n\n\n\n<p><strong>Appel \u00e0 l&rsquo;action<\/strong><\/p>\n\n\n\n<p>Tr\u00e8s clairement, le secteur du num\u00e9rique a une tradition de larges concertations \u00e0 chaque fois qu\u2019il s\u2019est agi de passer un nouveau cap. C\u2019est le cas aujourd\u2019hui o\u00f9 toutes les intelligences et toutes les \u00e9nergies doivent \u00eatre mobilis\u00e9es pour dessiner les lignes directrices des politiques et des strat\u00e9gies aptes \u00e0 replacer le S\u00e9n\u00e9gal sur l\u2019\u00e9chiquier digital africain et en refaire une r\u00e9f\u00e9rence et un p\u00f4le d\u2019attraction num\u00e9rique.<\/p>\n\n\n\n<p>Nous appelons le Pr\u00e9sident de la R\u00e9publique et le gouvernement \u00e0 organiser rapidement de larges concertations sur l\u2019avenir num\u00e9rique du S\u00e9n\u00e9gal. Ces concertations devront mobiliser l\u2019ensemble de l\u2019\u00e9cosyst\u00e8me num\u00e9rique et de la soci\u00e9t\u00e9 civile pour que le num\u00e9rique soit un v\u00e9ritable acc\u00e9l\u00e9rateur de comp\u00e9titivit\u00e9 et de croissance au service de nos populations.<\/p>\n\n\n\n<p>Le S\u00e9n\u00e9gal a l\u2019opportunit\u00e9 de devenir un leader num\u00e9rique en Afrique gr\u00e2ce \u00e0 une mobilisation concert\u00e9e et inclusive de toutes les forces vives de la nation. L&rsquo;engagement politique, les exp\u00e9riences pass\u00e9es, une vision partag\u00e9e&nbsp; et des objectifs strat\u00e9giques clairs sont autant d\u2019atouts pour r\u00e9ussir cette transformation. En \u00e9coutant et en impliquant activement l\u2019\u00e9cosyst\u00e8me num\u00e9rique, nous pourrons b\u00e2tir un avenir digital prosp\u00e8re pour le S\u00e9n\u00e9gal, au b\u00e9n\u00e9fice de tous ses citoyens.<\/p>\n\n\n\n<p>Tel est le sens de cet appel \u00e0&nbsp; une large concertation que nous souhaitons ouverte, inclusive, participative et patriotique,pour l&rsquo;avenir num\u00e9rique.du Senegal.<\/p>\n\n\n\n<p>ont si\u01f5ne:<\/p>\n\n\n\n<p><strong>Mamadou Aidara Diop<\/strong>: Syndicaliste Consultant.<\/p>\n\n\n\n<p><strong>Ibrahima Noueddine Diagne<\/strong>&nbsp;: membre de Afric\u00e1 Performance Institute.<\/p>\n\n\n\n<p><strong>Guimba Konate<\/strong>: Ing\u00e9nieur des t\u00e9l\u00e9communications ancien Ct au Minist\u00e8re de la communication<\/p>\n\n\n\n<p><strong>Dr Moussa Diop<\/strong>&nbsp;: Enseignant chercheur sp\u00e9cialiste en sciences de la communication.<\/p>\n\n\n\n<p><strong>Olivier Sagna<\/strong>: Professeur titulaire des Universit\u00e9s.<\/p>\n\n\n\n<p><strong>Abdoulaye Sakho<\/strong>: Professeur agr\u00e9g\u00e9 des facult\u00e9s de droit.<\/p>\n\n\n\n<p><strong>Makhtar Fall<\/strong>&nbsp;: Consultant Dg IAMG<\/p>\n\n\n\n<p><strong>Saikou Fall<\/strong>: Consultant sp\u00e9cialiste en cybersecurite et protection. de la vie priv\u00e9e.<\/p>\n\n\n\n<p><strong>Abdoulaye khassoum Kebe<\/strong>&nbsp;: Consultant<\/p>\n\n\n\n<p><strong>Gabou Gueye<\/strong>&nbsp;Syndicaliste<\/p>\n\n\n\n<p><strong>Basile Niane<\/strong>&nbsp;; Journaliste Consultant sp\u00e9cialiste du num\u00e9rique<\/p>\n\n\n\n<p><strong>Ibrahima Gaye<\/strong>: Consultant ,business Analyst<\/p>\n\n\n\n<p><strong>Seydou Badi\u00e1ne&nbsp;<\/strong>: co-fondateur social netlink<\/p>\n\n\n\n<p><strong>Jo\u00eblle Sow<\/strong>; Senstartup<br><strong>Mouhamadou Lamine Badji<\/strong>: Secr\u00e9taire G\u00e9n\u00e9ral du SSndicat des travailleurs de Sonatel.<\/p>\n","protected":false},"excerpt":{"rendered":"<p>Le S\u00e9n\u00e9gal est de nouveau \u00e0 la crois\u00e9e des chemins apr\u00e8s une troisi\u00e8me alternance pacifique qui voit arriver au pouvoir<\/p>\n","protected":false},"author":1,"featured_media":38340,"comment_status":"open","ping_status":"open","sticky":false,"template":"","format":"standard","meta":{"footnotes":""},"categories":[3],"tags":[],"class_list":["post-38339","post","type-post","status-publish","format-standard","has-post-thumbnail","hentry","category-event-more-news"],"_links":{"self":[{"href":"https:\/\/dekkbi.com\/index.php?rest_route=\/wp\/v2\/posts\/38339","targetHints":{"allow":["GET"]}}],"collection":[{"href":"https:\/\/dekkbi.com\/index.php?rest_route=\/wp\/v2\/posts"}],"about":[{"href":"https:\/\/dekkbi.com\/index.php?rest_route=\/wp\/v2\/types\/post"}],"author":[{"embeddable":true,"href":"https:\/\/dekkbi.com\/index.php?rest_route=\/wp\/v2\/users\/1"}],"replies":[{"embeddable":true,"href":"https:\/\/dekkbi.com\/index.php?rest_route=%2Fwp%2Fv2%2Fcomments&post=38339"}],"version-history":[{"count":1,"href":"https:\/\/dekkbi.com\/index.php?rest_route=\/wp\/v2\/posts\/38339\/revisions"}],"predecessor-version":[{"id":38341,"href":"https:\/\/dekkbi.com\/index.php?rest_route=\/wp\/v2\/posts\/38339\/revisions\/38341"}],"wp:featuredmedia":[{"embeddable":true,"href":"https:\/\/dekkbi.com\/index.php?rest_route=\/wp\/v2\/media\/38340"}],"wp:attachment":[{"href":"https:\/\/dekkbi.com\/index.php?rest_route=%2Fwp%2Fv2%2Fmedia&parent=38339"}],"wp:term":[{"taxonomy":"category","embeddable":true,"href":"https:\/\/dekkbi.com\/index.php?rest_route=%2Fwp%2Fv2%2Fcategories&post=38339"},{"taxonomy":"post_tag","embeddable":true,"href":"https:\/\/dekkbi.com\/index.php?rest_route=%2Fwp%2Fv2%2Ftags&post=38339"}],"curies":[{"name":"wp","href":"https:\/\/api.w.org\/{rel}","templated":true}]}}