{"id":38331,"date":"2024-07-11T10:22:15","date_gmt":"2024-07-11T10:22:15","guid":{"rendered":"https:\/\/dekkbi.com\/?p=38331"},"modified":"2024-07-11T10:22:16","modified_gmt":"2024-07-11T10:22:16","slug":"revision-du-reglement-interieur-de-lassemblee-nationale-le-pm-ira-t-il-devant-son-jury-populaire-dici-ce-15-juillet","status":"publish","type":"post","link":"https:\/\/dekkbi.com\/?p=38331","title":{"rendered":"R\u00e9vision du r\u00e8glement int\u00e9rieur de l&rsquo;Assembl\u00e9e nationale : Le PM ira-t-il devant \u00ab son jury \u00bb populaire d&rsquo;ici ce 15 juillet ?"},"content":{"rendered":"\n<p>C\u2019est sur sa page Facebook que le premier ministre Ousmane Sonko a r\u00e9pondu \u00e0 l\u2019honorable d\u00e9put\u00e9 Guy Marius Sagna apr\u00e8s l\u2019avoir interpell\u00e9 sur sa d\u00e9claration de politique g\u00e9n\u00e9rale. Pour Ousmane Sonko, le r\u00e8glement int\u00e9rieur de l\u2019Assembl\u00e9e nationale en vigueur \u00ab ne tient pas compte du Premier ministre puisqu\u2019il n\u2019a pas \u00e9t\u00e9 actualis\u00e9 suite \u00e0 la restauration du poste de Premier ministre par la loi n\u00b02021-41 du 20 d\u00e9cembre 2021 portant r\u00e9vision de la Constitution \u00bb. C\u2019est d\u2019ailleurs pourquoi il a estim\u00e9 que, dans un souci constant de respect de la s\u00e9paration des pouvoirs et du principe de l\u00e9galit\u00e9, sa DPG se tiendra devant l\u2019Assembl\u00e9e qu&rsquo;une fois que la majorit\u00e9 parlementaire se sera amend\u00e9e en inscrivant dans le r\u00e8glement int\u00e9rieur l\u2019ensemble des dispositions relatives au Premier ministre. Je cite : \u00ab En cas de carence de l\u2019Assembl\u00e9e, d\u2019ici le 15 juillet 2024, je tiendrai ma D\u00e9claration de Politique g\u00e9n\u00e9rale devant une assembl\u00e9e constitu\u00e9e du peuple s\u00e9n\u00e9galais souverain, de partenaires du S\u00e9n\u00e9gal et d&rsquo;un jury compos\u00e9 d\u2019universitaires, d\u2019intellectuels et d\u2019acteurs citoyens apolitiques. Ce sera l\u2019occasion d\u2019un d\u00e9bat libre, ouvert et, \u00e0 coup s\u00fbr, de qualit\u00e9 largement sup\u00e9rieure \u00bb fin&nbsp; de citation ! Ainsi s\u2019exprimait le chef du gouvernement qui a finalement provoqu\u00e9 une vague de soutiens chez les uns et de critiques chez d\u2019\u2019autres. Des membres de la soci\u00e9t\u00e9 civile comme ceux de l\u2019espace politique ont jug\u00e9 que le r\u00e8glement int\u00e9rieur peut \u00eatre revu pour qu\u2019on restaure les dispositions manquantes. Les d\u00e9put\u00e9s Nafissatou Diallo, Ibrahima Diop et Serigne Abo Mback\u00e9 Thiam, ont \u00e9crit au pr\u00e9sident de l\u2019Assembl\u00e9e nationale pour la r\u00e9vision du r\u00e8glement int\u00e9rieur.<\/p>\n\n\n\n<p>Abass Fall dans l\u2019\u00e9mission Point de vue sur la Rts s\u2019est exprim\u00e9 sur cette affaire du r\u00e8glement int\u00e9rieur concernant la d\u00e9claration de politique g\u00e9n\u00e9rale du premier ministre Ousmane Sonko. Le parlementaire et pr\u00e9sident de la commission de l&rsquo;Energie et des Ressources Min\u00e9rales est d\u2019avis que le toilettage du r\u00e8glement int\u00e9rieur doit se faire car, \u00e9tant faux. C\u2019est la seule fa\u00e7on de faire revenir le premier ministre \u00e0 l\u2019Assembl\u00e9e nationale, a-t-il soutenu. \u00ab Ce n\u2019est pas une initiative politique, mais principielle \u00bb, selon le d\u00e9put\u00e9 du groupe parlementaire Yewwi Askan Wi.&nbsp;&nbsp;<\/p>\n\n\n\n<p>Si le r\u00e8glement int\u00e9rieur \u00e9tait du faux, est-ce que l\u2019ancien premier ministre allait tenir sa d\u00e9claration de politique g\u00e9n\u00e9rale ? Ce qui est s\u00fbr, c&rsquo;est que la proc\u00e9dure ne sera ni b\u00e2cl\u00e9e ni bouscul\u00e9e. Elle tiendra compte de la r\u00e9adaptation du r\u00e8glement int\u00e9rieur et suivra le cours normal des choses comme toute proposition de loi et dans les r\u00e8gles de l\u2019art. Aucun d\u00e9lai n\u2019est fix\u00e9 au Premier ministre pour sa Dpg. Pourquoi tout cet empressement jusqu\u2019\u00e0 vouloir imposer au l\u00e9gislateur une date ? s\u2019interroge la vice-pr\u00e9sidente du groupe Bby, Adji Mergane Kanout\u00e9. En effet, le d\u00e9put\u00e9 Abass Fall estime que ce toilettage du r\u00e8glement int\u00e9rieur peut se faire en 72h. Mais est-ce pour inviter les d\u00e9put\u00e9s \u00e0 acc\u00e9l\u00e9rer la proc\u00e9dure pour la terminer avant la date retenue par Ousmane Sonko pour faire sa d\u00e9claration devant une assembl\u00e9e populaire comme il l&rsquo;avait indiqu\u00e9 ? Visiblement, et \u00e0 ce rythme entrepris par le groupe parlementaire BBY qui \u00ab y vas pas \u00e0 pas \u00bb, cette proc\u00e9dure pourrait \u00eatre enclench\u00e9e bien au-del\u00e0 du 15 juillet, date \u00e0 laquelle, le premier ministre avait donn\u00e9 rendez-vous.<\/p>\n\n\n\n<p>Cette d\u00e9claration de politique g\u00e9n\u00e9rale (DPG) est consacr\u00e9e par l\u2019article 55 de la constitution. Le premier ministre lors de sa communication lors du conseil des ministres du 5 juin 2024 a d\u00e9clar\u00e9 et instruit les diff\u00e9rentes entit\u00e9s concern\u00e9es de pr\u00e9parer sa DPG pour les prochaines semaines. L\u2019objectif du groupe parlementaire BBY semble \u00eatre parti pour pousser \u00e0 bout le premier ministre. Ce dernier fera-t-il fi de cette proc\u00e9dure d\u00e9j\u00e0 enclench\u00e9e pour tenir cette assembl\u00e9e \u00ab non-r\u00e8glementaire \u00bb ? M\u00eame si le chef du gouvernement n\u2019est pas tenu par les d\u00e9lais, Abass Fall, pour sa part, avait soutenu sur la Rts, que \u00ab le premier ministre ne fera pas sa d\u00e9claration de politique g\u00e9n\u00e9rale devant cette assembl\u00e9e nationale au-del\u00e0 du 15 \u00bb car, les s\u00e9n\u00e9galais veulent savoir quelle politique compte mettre en pratique le gouvernement.<\/p>\n","protected":false},"excerpt":{"rendered":"<p>C\u2019est sur sa page Facebook que le premier ministre Ousmane Sonko a r\u00e9pondu \u00e0 l\u2019honorable d\u00e9put\u00e9 Guy Marius Sagna apr\u00e8s<\/p>\n","protected":false},"author":1,"featured_media":38332,"comment_status":"open","ping_status":"open","sticky":false,"template":"","format":"standard","meta":{"footnotes":""},"categories":[6],"tags":[],"class_list":["post-38331","post","type-post","status-publish","format-standard","has-post-thumbnail","hentry","category-politics"],"_links":{"self":[{"href":"https:\/\/dekkbi.com\/index.php?rest_route=\/wp\/v2\/posts\/38331","targetHints":{"allow":["GET"]}}],"collection":[{"href":"https:\/\/dekkbi.com\/index.php?rest_route=\/wp\/v2\/posts"}],"about":[{"href":"https:\/\/dekkbi.com\/index.php?rest_route=\/wp\/v2\/types\/post"}],"author":[{"embeddable":true,"href":"https:\/\/dekkbi.com\/index.php?rest_route=\/wp\/v2\/users\/1"}],"replies":[{"embeddable":true,"href":"https:\/\/dekkbi.com\/index.php?rest_route=%2Fwp%2Fv2%2Fcomments&post=38331"}],"version-history":[{"count":1,"href":"https:\/\/dekkbi.com\/index.php?rest_route=\/wp\/v2\/posts\/38331\/revisions"}],"predecessor-version":[{"id":38334,"href":"https:\/\/dekkbi.com\/index.php?rest_route=\/wp\/v2\/posts\/38331\/revisions\/38334"}],"wp:featuredmedia":[{"embeddable":true,"href":"https:\/\/dekkbi.com\/index.php?rest_route=\/wp\/v2\/media\/38332"}],"wp:attachment":[{"href":"https:\/\/dekkbi.com\/index.php?rest_route=%2Fwp%2Fv2%2Fmedia&parent=38331"}],"wp:term":[{"taxonomy":"category","embeddable":true,"href":"https:\/\/dekkbi.com\/index.php?rest_route=%2Fwp%2Fv2%2Fcategories&post=38331"},{"taxonomy":"post_tag","embeddable":true,"href":"https:\/\/dekkbi.com\/index.php?rest_route=%2Fwp%2Fv2%2Ftags&post=38331"}],"curies":[{"name":"wp","href":"https:\/\/api.w.org\/{rel}","templated":true}]}}