{"id":38323,"date":"2024-07-11T10:02:14","date_gmt":"2024-07-11T10:02:14","guid":{"rendered":"https:\/\/dekkbi.com\/?p=38323"},"modified":"2024-07-11T10:02:15","modified_gmt":"2024-07-11T10:02:15","slug":"donnees-personnelles-et-souverainete-numerique-paradigm-intitiativ-pose-le-debat","status":"publish","type":"post","link":"https:\/\/dekkbi.com\/?p=38323","title":{"rendered":"Donn\u00e9es personnelles et souverainet\u00e9 num\u00e9rique: Paradigm intitiativ pose le d\u00e9bat"},"content":{"rendered":"\n<p>L&rsquo;organisme Paradigm Initiativ a tenu, ce mercredi, une table ronde \u00e0 Dakar. La probl\u00e9matique de la gestion des donn\u00e9es personnelles et celle de la souverainet\u00e9 num\u00e9rique \u00e9taient au c\u0153ur des d\u00e9bats.<\/p>\n\n\n\n<p>\u00abL\u2019objectif de ce panel c\u2019est d\u2019explorer la th\u00e9matique des donn\u00e9es personnelles et de la souverainet\u00e9 num\u00e9rique\u00bb, a d\u00e9clar\u00e9 Ababacar Diop, pr\u00e9sident de Paradigm Initiativ. Il s\u2019exprimait en marge de leur Table ronde tenue ce mercredi \u00e0 Dakar.<br><br>Sa structure veut promouvoir un dialogue entre les parties prenantes de l\u2019\u00e9cosyst\u00e8me num\u00e9rique sur la probl\u00e9matique afin de d\u00e9boucher sur de fortes recommandations destin\u00e9s aux d\u00e9cideurs politiques, \u00e0 la soci\u00e9t\u00e9 civile et au secteur priv\u00e9.<br><br>Sur la question de la protection des donn\u00e9es, Moussa Waly S\u00e8ne, membre de l\u2019organisation, souligne un probl\u00e8me d\u2019orientation, de volont\u00e9 ou encore de dialogue. Il appelle tous les acteurs li\u00e9s \u00e0 la question de la protection des donn\u00e9es, \u00e0 conjugueur leurs efforts pour prendre efficacement en charge cette question.<br><br>Pour ce qui est du stockage des donn\u00e9es, &nbsp;son coll\u00e8gue Ababacar Diop souligne qu\u2019il y a de r\u00e9els probl\u00e8mes \u00e0 ce niveau. Le S\u00e9n\u00e9gal dispose d\u2019un Data Center, mais, celui-ci ne r\u00e8gle pas, pour le moment, le probl\u00e8me.<br><br>\u00abLa probl\u00e9matique &nbsp;du stockage des donn\u00e9es informatiques est r\u00e9elle. Certaines donn\u00e9es ne peuvent pas \u00eatre stock\u00e9es ici au S\u00e9n\u00e9gal et en Afrique. Le Data Center normalement est une structure de stockage de donn\u00e9es, mais qui pr\u00e9sentement n\u2019a pas &nbsp;suffisamment fonctionn\u00e9 pour permettre le stockage des donn\u00e9es au S\u00e9n\u00e9gal\u00bb, regrette-t-il.<\/p>\n","protected":false},"excerpt":{"rendered":"<p>L&rsquo;organisme Paradigm Initiativ a tenu, ce mercredi, une table ronde \u00e0 Dakar. La probl\u00e9matique de la gestion des donn\u00e9es personnelles<\/p>\n","protected":false},"author":1,"featured_media":38324,"comment_status":"open","ping_status":"open","sticky":false,"template":"","format":"standard","meta":{"footnotes":""},"categories":[21],"tags":[],"class_list":["post-38323","post","type-post","status-publish","format-standard","has-post-thumbnail","hentry","category-societe"],"_links":{"self":[{"href":"https:\/\/dekkbi.com\/index.php?rest_route=\/wp\/v2\/posts\/38323","targetHints":{"allow":["GET"]}}],"collection":[{"href":"https:\/\/dekkbi.com\/index.php?rest_route=\/wp\/v2\/posts"}],"about":[{"href":"https:\/\/dekkbi.com\/index.php?rest_route=\/wp\/v2\/types\/post"}],"author":[{"embeddable":true,"href":"https:\/\/dekkbi.com\/index.php?rest_route=\/wp\/v2\/users\/1"}],"replies":[{"embeddable":true,"href":"https:\/\/dekkbi.com\/index.php?rest_route=%2Fwp%2Fv2%2Fcomments&post=38323"}],"version-history":[{"count":1,"href":"https:\/\/dekkbi.com\/index.php?rest_route=\/wp\/v2\/posts\/38323\/revisions"}],"predecessor-version":[{"id":38325,"href":"https:\/\/dekkbi.com\/index.php?rest_route=\/wp\/v2\/posts\/38323\/revisions\/38325"}],"wp:featuredmedia":[{"embeddable":true,"href":"https:\/\/dekkbi.com\/index.php?rest_route=\/wp\/v2\/media\/38324"}],"wp:attachment":[{"href":"https:\/\/dekkbi.com\/index.php?rest_route=%2Fwp%2Fv2%2Fmedia&parent=38323"}],"wp:term":[{"taxonomy":"category","embeddable":true,"href":"https:\/\/dekkbi.com\/index.php?rest_route=%2Fwp%2Fv2%2Fcategories&post=38323"},{"taxonomy":"post_tag","embeddable":true,"href":"https:\/\/dekkbi.com\/index.php?rest_route=%2Fwp%2Fv2%2Ftags&post=38323"}],"curies":[{"name":"wp","href":"https:\/\/api.w.org\/{rel}","templated":true}]}}