{"id":38320,"date":"2024-07-11T09:56:15","date_gmt":"2024-07-11T09:56:15","guid":{"rendered":"https:\/\/dekkbi.com\/?p=38320"},"modified":"2024-07-11T09:56:16","modified_gmt":"2024-07-11T09:56:16","slug":"restitution-de-viheillir-avec-le-sida-les-bonnes-notes-dun-projet","status":"publish","type":"post","link":"https:\/\/dekkbi.com\/?p=38320","title":{"rendered":"Restitution de Viheillir avec le Sida : Les bonnes notes d\u2019un projet"},"content":{"rendered":"\n<p>Si le projet Vieillir avec le Vih\/Sida (Viheillir) a inclus 373 personnes, il a \u00e9t\u00e9 prouv\u00e9 que cette maladie n\u2019est plus une contrainte pour vieillir normalement. La restitution du projet a permis de mesurer le chemin parcouru.<\/p>\n\n\n\n<p>Par Justin GOMIS \u2013  La premi\u00e8re phase du projet Viheillir est arriv\u00e9e \u00e0 son terme.<\/p>\n\n\n\n<p> Lanc\u00e9 en 2021, il avait pour objectif d\u2019am\u00e9liorer la qualit\u00e9 de vie des personnes \u00e2g\u00e9es de plus de 50 ans vivant avec le Vih\/Sida et d\u2019atteindre une cible de 400 personnes. <\/p>\n\n\n\n<p>Au final, ce projet, r\u00e9alis\u00e9 sur trois sites, \u00e0 savoir le Centre r\u00e9gional de recherche et de formation \u00e0 la prise en charge clinique de Fann (Crcf), le Cta du Chu de Fann et l\u2019H\u00f4pital militaire de Ouakam, a \u00e9t\u00e9 financ\u00e9 par Expertise France et a permis d\u2019inclure 373 personnes vivant avec le Vih en 2024.<\/p>\n\n\n\n<p>Aujourd\u2019hui, il a eu un impact positif concernant les politiques nationales en permettant \u00abl\u2019int\u00e9gration des besoins sp\u00e9cifiques des personnes \u00e2g\u00e9es dans le plan strat\u00e9gique national pour une riposte multisectorielle int\u00e9gr\u00e9e contre le Vih, la tuberculose et l\u2019h\u00e9patite virale au S\u00e9n\u00e9gal (2023-2030), la contribution \u00e0 l\u2019\u00e9laboration de protocoles nationaux pour le d\u00e9pistage et la prise en charge de comorbidit\u00e9s, le partage des donn\u00e9es de pr\u00e9valence des comorbidit\u00e9s chez les Pvvih\u00bb.<\/p>\n\n\n\n<p>Ce fut un d\u00e9fi pour permettre aux malades de \u00abvieillir avec le Vih\u00bb. C\u2019est finalement devenu une exp\u00e9rience qui a permis de soulager un nombre grandissant de personnes. Avec l\u2019\u00e2ge, surviennent des maladies chroniques comme l\u2019hypertension et le diab\u00e8te, et d\u2019autres affections dont les complications peuvent alt\u00e9rer la qualit\u00e9 de vie des personnes.<\/p>\n\n\n\n<p> \u00abCes personnes \u00e2g\u00e9es sont plus expos\u00e9es que celles non vivant avec le Vih \u00e0 la survenue des comorbidit\u00e9s classiques comme le diab\u00e8te, l\u2019hypertension art\u00e9rielle. <\/p>\n\n\n\n<p>Et c\u2019est pour am\u00e9liorer la qualit\u00e9 de vie de ces personnes vivant avec le Vih\/Sida que ce projet a \u00e9t\u00e9 initi\u00e9 en vue de r\u00e9pondre \u00e0 ces questions en mettant en place des strat\u00e9gies innovantes au niveau clinique et dans la communaut\u00e9 afin d\u2019am\u00e9liorer la sant\u00e9 des personnes \u00e2g\u00e9es vivant avec le Vih de plus de 50 ans au S\u00e9n\u00e9gal et au Came\u00adroun\u00bb, expose Dr Mamadou Khoum\u00e9, le chef du service de G\u00e9riatrie de Fann et coordonnateur du projet \u00abVieillir avec le Vih\u00bb.<\/p>\n\n\n\n<p> Il a indiqu\u00e9 que les personnes vieillissantes sont confront\u00e9es au d\u00e9fi de conicit\u00e9 du Vih. Car les \u00abantir\u00e9troviraux de haute performance ont transform\u00e9 le cours de cette maladie qui est devenue une maladie chronique, consid\u00e9r\u00e9e comme une comorbidit\u00e9\u00bb.<\/p>\n\n\n\n<p> Par contre, les Pvvih sont plus expos\u00e9es que les autres \u00e0 la survenue des commodit\u00e9s classiques comme le diab\u00e8te et l\u2019hypertension art\u00e9rielle.Ainsi, des strat\u00e9gies mises en place comportaient l\u2019\u00e9laboration, avec les experts nationaux et les autorit\u00e9s de sant\u00e9, de protocoles simplifi\u00e9s et standardis\u00e9s pour le d\u00e9pistage et la prise en charge des cinq principales comorbidit\u00e9s cibl\u00e9es par le projet : l\u2019hypertension art\u00e9rielle, le diab\u00e8te, les h\u00e9patites B et C, et les l\u00e9sions pr\u00e9canc\u00e9reuses du col de l\u2019ut\u00e9rus, le renforcement de capacit\u00e9s des professionnels de sant\u00e9 et des acteurs communautaires, le d\u00e9pistage, le diagnostic et la prise en charge int\u00e9gr\u00e9e des cinq comorbidit\u00e9s, la mise en \u0153uvre d\u2019activit\u00e9s communautaires de pr\u00e9vention, d\u00e9pistage, promotion de la sant\u00e9 et plaidoyer. <\/p>\n\n\n\n<p>En plus, les organisations qui gravitent autour de la lutte contre le Sida et d\u2019autres maladies, comme le R\u00e9seau national des associations de Pvvih, l\u2019association Aboya, l\u2019Association s\u00e9n\u00e9galaise de soutien aux patients et familles victimes d\u2019Avc (Asp\/Avc), l\u2019Association s\u00e9n\u00e9galaise de soutien aux diab\u00e9tiques (Aassad) et le Conseil national des a\u00een\u00e9s du S\u00e9n\u00e9gal (Cnas), ont \u00e9t\u00e9 impliqu\u00e9es \u00e0 travers des activit\u00e9s communautaires.<\/p>\n\n\n\n<p> Fatoumata Ly, repr\u00e9sentante de la Secr\u00e9taire ex\u00e9cutive du Conseil national de lutte contre le Sida (Cnls), rappelle que le probl\u00e8me majeur dans la lutte contre le Vih a \u00e9t\u00e9 la prise en charge des patients qui n\u2019avaient pas de traitement. \u00abEnsuite, on arrive \u00e0 l\u2019\u00e9tape o\u00f9 c\u2019est la Pvvih qui prenait un repas de comprim\u00e9s. <\/p>\n\n\n\n<p>Ils (les malades) prenaient beaucoup de comprim\u00e9s. Apr\u00e8s les efforts consentis par tous les acteurs et les r\u00e9sultats de la recherche, on est actuellement \u00e0 un comprim\u00e9 par jour. C\u2019est dire que le Vih est actuellement une maladie chronique comme l\u2019hypertension art\u00e9rielle et le diab\u00e8te\u00bb, rappelle-t-elle. <\/p>\n\n\n\n<p>Tout en insistant sur la \u00abprise en charge de certaines comorbidit\u00e9s, \u00e0 savoir l\u2019hypertension art\u00e9rielle, le diab\u00e8te, le cancer, mais \u00e9galement les h\u00e9patites B et C\u00bb.Pour permettre \u00e0 ces personnes \u00e2g\u00e9es de vivre et de bien vieillir, Dr Khoum\u00e9 invite les acteurs  \u00e0 s\u2019y mettre. <\/p>\n\n\n\n<p>Gr\u00e2ce au projet, on connait exactement la pr\u00e9valence de l\u2019hypertension art\u00e9rielle chez les personnes \u00e2g\u00e9es vivant avec le Vih et comment les prendre en charge. Alors que la moyenne d\u2019\u00e2ge des personnes vivant avec le Vih est de 75 ans. Cela suffit pour renou\u00adveler la deuxi\u00e8me phase qui sera d\u00e9centralis\u00e9e au niveau communautaire, vers Kaolack.<\/p>\n\n\n\n<p>justin@lequotidien.sn<\/p>\n\n\n\n<p><\/p>\n","protected":false},"excerpt":{"rendered":"<p>Si le projet Vieillir avec le Vih\/Sida (Viheillir) a inclus 373 personnes, il a \u00e9t\u00e9 prouv\u00e9 que cette maladie n\u2019est<\/p>\n","protected":false},"author":1,"featured_media":38321,"comment_status":"open","ping_status":"open","sticky":false,"template":"","format":"standard","meta":{"footnotes":""},"categories":[21],"tags":[],"class_list":["post-38320","post","type-post","status-publish","format-standard","has-post-thumbnail","hentry","category-societe"],"_links":{"self":[{"href":"https:\/\/dekkbi.com\/index.php?rest_route=\/wp\/v2\/posts\/38320","targetHints":{"allow":["GET"]}}],"collection":[{"href":"https:\/\/dekkbi.com\/index.php?rest_route=\/wp\/v2\/posts"}],"about":[{"href":"https:\/\/dekkbi.com\/index.php?rest_route=\/wp\/v2\/types\/post"}],"author":[{"embeddable":true,"href":"https:\/\/dekkbi.com\/index.php?rest_route=\/wp\/v2\/users\/1"}],"replies":[{"embeddable":true,"href":"https:\/\/dekkbi.com\/index.php?rest_route=%2Fwp%2Fv2%2Fcomments&post=38320"}],"version-history":[{"count":1,"href":"https:\/\/dekkbi.com\/index.php?rest_route=\/wp\/v2\/posts\/38320\/revisions"}],"predecessor-version":[{"id":38322,"href":"https:\/\/dekkbi.com\/index.php?rest_route=\/wp\/v2\/posts\/38320\/revisions\/38322"}],"wp:featuredmedia":[{"embeddable":true,"href":"https:\/\/dekkbi.com\/index.php?rest_route=\/wp\/v2\/media\/38321"}],"wp:attachment":[{"href":"https:\/\/dekkbi.com\/index.php?rest_route=%2Fwp%2Fv2%2Fmedia&parent=38320"}],"wp:term":[{"taxonomy":"category","embeddable":true,"href":"https:\/\/dekkbi.com\/index.php?rest_route=%2Fwp%2Fv2%2Fcategories&post=38320"},{"taxonomy":"post_tag","embeddable":true,"href":"https:\/\/dekkbi.com\/index.php?rest_route=%2Fwp%2Fv2%2Ftags&post=38320"}],"curies":[{"name":"wp","href":"https:\/\/api.w.org\/{rel}","templated":true}]}}