{"id":38317,"date":"2024-07-11T09:52:07","date_gmt":"2024-07-11T09:52:07","guid":{"rendered":"https:\/\/dekkbi.com\/?p=38317"},"modified":"2024-07-11T09:52:08","modified_gmt":"2024-07-11T09:52:08","slug":"deguerpissements-a-sandaga-les-ambulants-entrent-en-resistance","status":"publish","type":"post","link":"https:\/\/dekkbi.com\/?p=38317","title":{"rendered":"D\u00e9guerpissements \u00e0 Sandaga : Les ambulants entrent en r\u00e9sistance"},"content":{"rendered":"\n<p>L\u2019Etat et les collectivit\u00e9s locales ne semblent pas faiblir dans leurs intentions de d\u00e9guerpir les ambulants. <\/p>\n\n\n\n<p>Apr\u00e8s Colobane et d\u2019autres quartiers encombr\u00e9s par des activit\u00e9s commerciales non r\u00e9glement\u00e9es, les autorit\u00e9s ont investi hier le march\u00e9 Sandaga, c\u0153ur du secteur informel de Dakar, pour faire partir les marchands ambulants et les tabliers qui occupent de mani\u00e8re anarchique le trottoir.<\/p>\n\n\n\n<p>D\u00e9guerpissement des ambulants : L\u2019informel en col\u00e8re<\/p>\n\n\n\n<p>Face \u00e0 cette d\u00e9cision, les vendeurs ont r\u00e9agi \u00e9nergiquement. Ils ont organis\u00e9 une manifestation, hier au rond-point Sandaga, pour exprimer leur opposition \u00e0 la mesure. <\/p>\n\n\n\n<p>Evidemment, la manifestation a d\u00e9g\u00e9n\u00e9r\u00e9 en affrontements violents avec les Forces de s\u00e9curit\u00e9. Ente jets de pierres et l\u2019utilisation de gaz lacrymog\u00e8ne, l\u2019atmosph\u00e8re est devenue \u00e0 un moment irrespirable au centre-ville de Dakar.<\/p>\n\n\n\n<p> Ils ont d\u00fb affronter aussi les agents de s\u00e9curit\u00e9 de la mairie de Dakar-Plateau, qui auraient saccag\u00e9 leurs marchandises. Pendant un moment, les pierres ornaient certaines rues de la ville, notamment rond-point Sandaga, Ponty, Gambetta.<\/p>\n\n\n\n<p>Dans l\u2019apr\u00e8s-midi d\u2019hier, le calme est revenu. Et les ambulants ont repris leurs activit\u00e9s sans \u00eatre inqui\u00e9t\u00e9s par les agents de la municipalit\u00e9. Jusqu\u2019\u00e0 quand ?<\/p>\n\n\n\n<p>SOURCE LEQUOTIDIEN <\/p>\n","protected":false},"excerpt":{"rendered":"<p>L\u2019Etat et les collectivit\u00e9s locales ne semblent pas faiblir dans leurs intentions de d\u00e9guerpir les ambulants. Apr\u00e8s Colobane et d\u2019autres<\/p>\n","protected":false},"author":1,"featured_media":38318,"comment_status":"open","ping_status":"open","sticky":false,"template":"","format":"standard","meta":{"footnotes":""},"categories":[26],"tags":[],"class_list":["post-38317","post","type-post","status-publish","format-standard","has-post-thumbnail","hentry","category-fait-divers"],"_links":{"self":[{"href":"https:\/\/dekkbi.com\/index.php?rest_route=\/wp\/v2\/posts\/38317","targetHints":{"allow":["GET"]}}],"collection":[{"href":"https:\/\/dekkbi.com\/index.php?rest_route=\/wp\/v2\/posts"}],"about":[{"href":"https:\/\/dekkbi.com\/index.php?rest_route=\/wp\/v2\/types\/post"}],"author":[{"embeddable":true,"href":"https:\/\/dekkbi.com\/index.php?rest_route=\/wp\/v2\/users\/1"}],"replies":[{"embeddable":true,"href":"https:\/\/dekkbi.com\/index.php?rest_route=%2Fwp%2Fv2%2Fcomments&post=38317"}],"version-history":[{"count":1,"href":"https:\/\/dekkbi.com\/index.php?rest_route=\/wp\/v2\/posts\/38317\/revisions"}],"predecessor-version":[{"id":38319,"href":"https:\/\/dekkbi.com\/index.php?rest_route=\/wp\/v2\/posts\/38317\/revisions\/38319"}],"wp:featuredmedia":[{"embeddable":true,"href":"https:\/\/dekkbi.com\/index.php?rest_route=\/wp\/v2\/media\/38318"}],"wp:attachment":[{"href":"https:\/\/dekkbi.com\/index.php?rest_route=%2Fwp%2Fv2%2Fmedia&parent=38317"}],"wp:term":[{"taxonomy":"category","embeddable":true,"href":"https:\/\/dekkbi.com\/index.php?rest_route=%2Fwp%2Fv2%2Fcategories&post=38317"},{"taxonomy":"post_tag","embeddable":true,"href":"https:\/\/dekkbi.com\/index.php?rest_route=%2Fwp%2Fv2%2Ftags&post=38317"}],"curies":[{"name":"wp","href":"https:\/\/api.w.org\/{rel}","templated":true}]}}