{"id":3829,"date":"2022-11-24T16:21:01","date_gmt":"2022-11-24T16:21:01","guid":{"rendered":"https:\/\/dekkbi.com\/?p=3829"},"modified":"2022-11-24T16:21:02","modified_gmt":"2022-11-24T16:21:02","slug":"abdoulaye-sow-litalie-et-le-senegal-partagent-des-liens-seculaires-de-cooperation","status":"publish","type":"post","link":"https:\/\/dekkbi.com\/?p=3829","title":{"rendered":"Abdoulaye Sow &#8211; \u00ab\u00a0L\u2019Italie et le S\u00e9n\u00e9gal partagent des liens s\u00e9culaires de coop\u00e9ration&#8230;\u00a0\u00bb"},"content":{"rendered":"\n<p>iGFM &#8211; (Dakar) \u00ab\u00a0L\u2019Italie et le S\u00e9n\u00e9gal partagent des liens s\u00e9culaires tr\u00e8s intenses et continus, visibles dans tous les secteurs de la coop\u00e9ration culturelle, \u00e9conomique, scientifique, politique et sp\u00e9cialement dans la coop\u00e9ration au d\u00e9veloppement\u00a0\u00bb a d\u00e9clar\u00e9 ce jeudi, le pr\u00e9sident de la Chambre de commerce de Dakar, Abdoulaye Sow qui recevait une d\u00e9l\u00e9gation d&rsquo;hommes d&rsquo;affaires italiens.<\/p>\n\n\n\n<p><\/p>\n\n\n\n<figure class=\"wp-block-embed is-type-rich is-provider-prise-en-charge-des-contenus-embarques wp-block-embed-prise-en-charge-des-contenus-embarques wp-embed-aspect-16-9 wp-has-aspect-ratio\"><div class=\"wp-block-embed__wrapper\">\n<iframe loading=\"lazy\" title=\"Abdoulaye Sow: &quot;Le partenariat italien est original...&quot;\" width=\"800\" height=\"450\" src=\"https:\/\/www.youtube.com\/embed\/BvQJ9c8m61Y?feature=oembed\" frameborder=\"0\" allow=\"accelerometer; autoplay; clipboard-write; encrypted-media; gyroscope; picture-in-picture\" allowfullscreen><\/iframe>\n<\/div><\/figure>\n\n\n\n<p>Il en veut pour preuve, les nombreux programmes\/ pays \u00e9valu\u00e9s \u00e0 plusieurs dizaines d\u2019euro et qui contribuent \u00e0 l\u2019\u00e9radication de la pauvret\u00e9 chez les couches vuln\u00e9rables, l\u2019objectif fondamental de la coop\u00e9ration italienne. Le partenariat italien est original en ce sens qu\u2019il cadre parfaitement avec les objectifs de d\u00e9veloppement du S\u00e9n\u00e9gal, \u00e9nonc\u00e9 dans le Plan S\u00e9n\u00e9gal Emergent, PSE et le Programme d\u2019Action Prioritaire Acc\u00e9l\u00e9r\u00e9 et Ajust\u00e9e, PAP2A.<\/p>\n\n\n\n<p><br>Par ailleurs, le pr\u00e9sident Abdoulaye Sow a appr\u00e9ci\u00e9 \u00e0 sa juste valeur, les efforts consentis par votre gouvernement, \u00e0 travers l\u2019Agence Italienne pour le Commerce, qui invite, sur diverses manifestations qui se tiennent dans votre pays, des chefs d\u2019entreprises leaders dans leur domaine en prenant enti\u00e8rement en charge leurs frais de participation.<\/p>\n\n\n\n<p><br>Cette initiative concourt sans nul doute, Excellence, au renforcement des \u00e9changes \u00e9conomiques et commerciaux entre nos deux pays.<br><br>Au total, liste-t-il: \u00ab\u00a0une vingtaine d\u2019entreprises ont \u00e9t\u00e9 invit\u00e9es entre mai et d\u00e9cembre sur les salons : &nbsp;Macfruit : le salon international des fruits et l\u00e9gumes, par excellence,&nbsp; Homi : le salon de la d\u00e9coration,&nbsp; la 60\u00e8me \u00e9dition du Salon international du meuble, EIMA : l\u2019un des plus prestigieux salons sur la machinerie agricole\u00a0\u00bb.<\/p>\n\n\n\n<p>La participation des entreprises s\u00e9n\u00e9galaises \u00e0 ces \u00e9v\u00e8nements leur a permis d\u2019\u00e9tablir de bons contacts ou d\u2019approfondir les contacts d\u00e9j\u00e0 existants. Nous notons au passage la commande de meubles au salon Homi et la commande de noix de cajou pour une valeur de 82 Millions de francs CFA.&nbsp;<\/p>\n\n\n\n<p>L\u2019\u00e9conomie italienne est au niveau de la plupart de celle des pays d\u2019Europe. Et, sa croissance a \u00e9t\u00e9 fortement impact\u00e9e par la pand\u00e9mie en 2020.<\/p>\n\n\n\n<p>Dans un tel contexte, il peut \u00eatre difficile de maintenir son rang de grande nation \u00e9conomique dont le moteur est principalement aliment\u00e9 par le tourisme et la consommation int\u00e9rieure. Mais, votre pays poss\u00e8de d\u2019innombrables ressources pour rebondir et elle a accept\u00e9 de consentir des efforts en s\u2019appuyant sur les P.M.E et E.T.I familiales qui sont la force du syst\u00e8me \u00e9conomique italien.<\/p>\n\n\n\n<p>Le S\u00e9n\u00e9gal pour sa part est une terre d\u2019opportunit\u00e9s qui s\u2019est engag\u00e9 dans le cadre de son PSE \u00e0 devenir une nation \u00e9mergente \u00e0 l\u2019horizon 2035.<br>Notre pays a aujourd\u2019hui deux atouts majeurs : Le potentiel des gisements p\u00e9trolier et gazier de son sous-sol, Sa stabilit\u00e9 politique, sociale, et un cadre l\u00e9gislatif et r\u00e9glementaire tr\u00e8s incitatifs qui attirent les investisseurs.<\/p>\n\n\n\n<p>Les secteurs du tourisme, de l\u2019Agriculture, et des machines Agricoles, de la sant\u00e9, de l\u2019Agrobusiness, de l\u2019Artisanat etc, sont des domaines \u00e0 fort potentiel \u00e9conomique et partant d\u2019excellents cr\u00e9neaux porteurs.&nbsp;<\/p>\n\n\n\n<p><br>Les similitudes constat\u00e9es au niveau de nos deux \u00e9cosyst\u00e8mes \u00e9conomiques, compos\u00e9s essentiellement de PME \/PMI, TPE et d\u2019E.T. I montre \u00e0 suffisance que nous devons travailler \u00e0 leur rapprochement afin de cr\u00e9er entre elles des synergies d\u2019actions.&nbsp;<br>&nbsp;<\/p>\n","protected":false},"excerpt":{"rendered":"<p>iGFM &#8211; (Dakar) \u00ab\u00a0L\u2019Italie et le S\u00e9n\u00e9gal partagent des liens s\u00e9culaires tr\u00e8s intenses et continus, visibles dans tous les secteurs<\/p>\n","protected":false},"author":1,"featured_media":3831,"comment_status":"open","ping_status":"open","sticky":false,"template":"","format":"standard","meta":{"footnotes":""},"categories":[3],"tags":[],"class_list":["post-3829","post","type-post","status-publish","format-standard","has-post-thumbnail","hentry","category-event-more-news"],"_links":{"self":[{"href":"https:\/\/dekkbi.com\/index.php?rest_route=\/wp\/v2\/posts\/3829","targetHints":{"allow":["GET"]}}],"collection":[{"href":"https:\/\/dekkbi.com\/index.php?rest_route=\/wp\/v2\/posts"}],"about":[{"href":"https:\/\/dekkbi.com\/index.php?rest_route=\/wp\/v2\/types\/post"}],"author":[{"embeddable":true,"href":"https:\/\/dekkbi.com\/index.php?rest_route=\/wp\/v2\/users\/1"}],"replies":[{"embeddable":true,"href":"https:\/\/dekkbi.com\/index.php?rest_route=%2Fwp%2Fv2%2Fcomments&post=3829"}],"version-history":[{"count":1,"href":"https:\/\/dekkbi.com\/index.php?rest_route=\/wp\/v2\/posts\/3829\/revisions"}],"predecessor-version":[{"id":3832,"href":"https:\/\/dekkbi.com\/index.php?rest_route=\/wp\/v2\/posts\/3829\/revisions\/3832"}],"wp:featuredmedia":[{"embeddable":true,"href":"https:\/\/dekkbi.com\/index.php?rest_route=\/wp\/v2\/media\/3831"}],"wp:attachment":[{"href":"https:\/\/dekkbi.com\/index.php?rest_route=%2Fwp%2Fv2%2Fmedia&parent=3829"}],"wp:term":[{"taxonomy":"category","embeddable":true,"href":"https:\/\/dekkbi.com\/index.php?rest_route=%2Fwp%2Fv2%2Fcategories&post=3829"},{"taxonomy":"post_tag","embeddable":true,"href":"https:\/\/dekkbi.com\/index.php?rest_route=%2Fwp%2Fv2%2Ftags&post=3829"}],"curies":[{"name":"wp","href":"https:\/\/api.w.org\/{rel}","templated":true}]}}