{"id":38286,"date":"2024-07-11T08:57:59","date_gmt":"2024-07-11T08:57:59","guid":{"rendered":"https:\/\/dekkbi.com\/?p=38286"},"modified":"2024-07-11T08:57:59","modified_gmt":"2024-07-11T08:57:59","slug":"france-macron-appelle-au-rassemblement-le-pen-denonce-un-cirque-et-melenchon-crie-a-lintrigue","status":"publish","type":"post","link":"https:\/\/dekkbi.com\/?p=38286","title":{"rendered":"France: Macron appelle au rassemblement, Le Pen d\u00e9nonce un \u00ab\u00a0cirque\u00a0\u00bb et M\u00e9lenchon crie \u00e0 l&rsquo;intrigue"},"content":{"rendered":"\n<p><strong>Trois jours apr\u00e8s les \u00e9lections l\u00e9gislatives anticip\u00e9es auxquelles a appel\u00e9 le pr\u00e9sident Emmanuel Macron, la France est plus que jamais plong\u00e9e dans \u00ab\u00a0l\u2019inconnu politique\u00a0\u00bb. Sortant (enfin!) de son silence depuis les r\u00e9sultats de dimanche, Macron a adress\u00e9 ce mercredi une lettre aux Fran\u00e7ais, les appelant au rassemblement. Cette \u00ab\u00a0sortie tardive\u00a0\u00bb, a \u00e9t\u00e9 qualifi\u00e9e par Marine Le Pen de\u00a0<em>\u00ab\u00a0cirque indigne\u00a0\u00bb<\/em>, alors que le Chef de file des Insoumis et partie au Nouveau Front Populaire, pointe une\u00a0<em>\u00ab\u00a0des intrigues de la IV\u00e8 R\u00e9publique\u00a0\u00bb.<\/em><\/strong><\/p>\n\n\n\n<p>Alors qu\u2019il se trouve \u00e0&nbsp; Washington pour le sommet de l\u2019OTAN, Macron a choisi de s\u2019adresser aux Fran\u00e7ais, pour le moins confus, par le biais d\u2019une lettre publi\u00e9e dans la presse r\u00e9gionale, dans laquelle il a invit\u00e9 les forces politiques&nbsp;<em>\u00ab&nbsp;r\u00e9publicaines&nbsp;\u00bb<\/em>&nbsp;\u00e0&nbsp;<em>\u00ab&nbsp;b\u00e2tir une majorit\u00e9 solide et plurielle&nbsp;\u00bb<\/em>&nbsp;pour le pays, insistant sur le fait que&nbsp;<em>\u00ab&nbsp;personne ne l\u2019a emport\u00e9 (\u00e9lections ndlr)&nbsp;\u00bb.<\/em><\/p>\n\n\n\n<p><em>\u00ab&nbsp;Aucune force politique n\u2019obtient seule une majorit\u00e9 suffisante et les blocs ou coalitions qui ressortent de ces \u00e9lections sont tous minoritaires&nbsp;\u00bb<\/em>, a \u00e9crit Macron, qui a demand\u00e9&nbsp;<em>\u00ab&nbsp;\u00e0 l\u2019ensemble des forces politiques se reconnaissant dans les institutions r\u00e9publicaines&nbsp;\u00bb<\/em>, d\u2019engager&nbsp;<em>\u00ab&nbsp;un dialogue sinc\u00e8re&nbsp;\u00bb<\/em>&nbsp;pour constituer un&nbsp;<em>\u00ab&nbsp;large rassemblement&nbsp;\u00bb<\/em>.<\/p>\n\n\n\n<p>Selon le Chef de l\u2019Etat,\u00a0<em>\u00ab\u00a0ce rassemblement devra se construire autour de quelques grands principes pour le pays, de valeurs r\u00e9publicaines claires et partag\u00e9es, d\u2019un projet pragmatique et lisible\u00a0\u00bb<\/em>.<\/p>\n\n\n\n<p>\u00ab&nbsp;C\u2019est \u00e0 la lumi\u00e8re de ces principes que je d\u00e9ciderai de la nomination du Premier ministre&nbsp;\u00bb, a-t-il dit, soulignant que&nbsp;<em>\u00ab&nbsp;d\u2019ici l\u00e0, le gouvernement actuel continuera d\u2019exercer ses responsabilit\u00e9s puis sera en charge des affaires courantes comme le veut la tradition r\u00e9publicaine&nbsp;\u00bb<\/em>.<\/p>\n\n\n\n<h2 class=\"wp-block-heading\">Cirque indigne<\/h2>\n\n\n\n<p>Apr\u00e8s la parution de cette lettre, Marine Le Pen, dont le parti Rassemblement national (RN) a \u00e9t\u00e9 en partie bloqu\u00e9 par le\u00a0<em>\u00ab\u00a0front r\u00e9publicain\u00a0\u00bb<\/em>\u00a0constitu\u00e9 au deuxi\u00e8me tour par la gauche et les centristes,\u00a0a d\u00e9nonc\u00e9 le\u00a0<em>\u00ab\u00a0cirque indigne\u00a0\u00bb<\/em>\u00a0d\u2019Emmanuel Macron aux Fran\u00e7ais du chef de l\u2019Etat.<a href=\"https:\/\/popup.taboola.com\/en\/\" target=\"_blank\" rel=\"noreferrer noopener\"><\/a><\/p>\n\n\n\n<p><em>\u00ab&nbsp;Si je comprends bien, dans sa lettre, Emmanuel Macron propose de faire barrage \u00e0 LFI qu\u2019il a contribu\u00e9 \u00e0 faire \u00e9lire il y a trois jours et gr\u00e2ce \u00e0 qui les d\u00e9put\u00e9s Renaissance ont \u00e9t\u00e9 \u00e9lus, il y a \u00e9galement trois jours\u2026 Ce cirque devient indigne&nbsp;\u00bb,<\/em>&nbsp;a publi\u00e9 sur X la patronne des d\u00e9put\u00e9s RN \u00e0 l\u2019Assembl\u00e9e nationale.<\/p>\n\n\n\n<h2 class=\"wp-block-heading\">Intrigues<\/h2>\n\n\n\n<p>A gauche, le patron de LFI, Jean-Luc M\u00e9lenchon, a accus\u00e9 Macron de&nbsp;<em>\u00ab&nbsp;refuser de reconna\u00eetre le r\u00e9sultat des urnes qui a plac\u00e9 le Nouveau Front Populaire en t\u00eate des votes et des si\u00e8ges \u00e0 l\u2019Assembl\u00e9e&nbsp;\u00bb<\/em><\/p>\n\n\n\n<p>Emmanuel Macron&nbsp;<em>\u00ab&nbsp;refuse de reconna\u00eetre le r\u00e9sultat des urnes&nbsp;\u00bb<\/em>&nbsp;et doit&nbsp;<em>\u00ab&nbsp;s\u2019incliner&nbsp;\u00bb<\/em>&nbsp;face au Nouveau Front populaire, a-t-il dit.<\/p>\n\n\n\n<p>Pour M\u00e9lenchon,&nbsp;<em>\u00ab&nbsp;c\u2019est le retour du droit de veto royal sur le suffrage universel (\u2026) C\u2019est le retour des intrigues de la IVe R\u00e9publique&nbsp;\u00bb<\/em>.<\/p>\n\n\n\n<p>Pour rappel, les \u00e9lections l\u00e9gislatives, marqu\u00e9es par une perc\u00e9e historique de l\u2019extr\u00eame droite au premier tour, ont finalement abouti \u00e0 la constitution d\u2019une assembl\u00e9e tripartite dans laquelle l\u2019alliance de gauche est arriv\u00e9e en t\u00eate (190 \u00e0 195 si\u00e8ges), suivie par le camp pr\u00e9sidentiel de centre droit (autour de 160 si\u00e8ges), et l\u2019extr\u00eame droite (143 si\u00e8ges).<\/p>\n\n\n\n<p><\/p>\n\n\n\n<p>SOURCE MSN<\/p>\n","protected":false},"excerpt":{"rendered":"<p>Trois jours apr\u00e8s les \u00e9lections l\u00e9gislatives anticip\u00e9es auxquelles a appel\u00e9 le pr\u00e9sident Emmanuel Macron, la France est plus que jamais<\/p>\n","protected":false},"author":1,"featured_media":38287,"comment_status":"open","ping_status":"open","sticky":false,"template":"","format":"standard","meta":{"footnotes":""},"categories":[6],"tags":[],"class_list":["post-38286","post","type-post","status-publish","format-standard","has-post-thumbnail","hentry","category-politics"],"_links":{"self":[{"href":"https:\/\/dekkbi.com\/index.php?rest_route=\/wp\/v2\/posts\/38286","targetHints":{"allow":["GET"]}}],"collection":[{"href":"https:\/\/dekkbi.com\/index.php?rest_route=\/wp\/v2\/posts"}],"about":[{"href":"https:\/\/dekkbi.com\/index.php?rest_route=\/wp\/v2\/types\/post"}],"author":[{"embeddable":true,"href":"https:\/\/dekkbi.com\/index.php?rest_route=\/wp\/v2\/users\/1"}],"replies":[{"embeddable":true,"href":"https:\/\/dekkbi.com\/index.php?rest_route=%2Fwp%2Fv2%2Fcomments&post=38286"}],"version-history":[{"count":1,"href":"https:\/\/dekkbi.com\/index.php?rest_route=\/wp\/v2\/posts\/38286\/revisions"}],"predecessor-version":[{"id":38288,"href":"https:\/\/dekkbi.com\/index.php?rest_route=\/wp\/v2\/posts\/38286\/revisions\/38288"}],"wp:featuredmedia":[{"embeddable":true,"href":"https:\/\/dekkbi.com\/index.php?rest_route=\/wp\/v2\/media\/38287"}],"wp:attachment":[{"href":"https:\/\/dekkbi.com\/index.php?rest_route=%2Fwp%2Fv2%2Fmedia&parent=38286"}],"wp:term":[{"taxonomy":"category","embeddable":true,"href":"https:\/\/dekkbi.com\/index.php?rest_route=%2Fwp%2Fv2%2Fcategories&post=38286"},{"taxonomy":"post_tag","embeddable":true,"href":"https:\/\/dekkbi.com\/index.php?rest_route=%2Fwp%2Fv2%2Ftags&post=38286"}],"curies":[{"name":"wp","href":"https:\/\/api.w.org\/{rel}","templated":true}]}}