{"id":38277,"date":"2024-07-10T13:23:08","date_gmt":"2024-07-10T13:23:08","guid":{"rendered":"https:\/\/dekkbi.com\/?p=38277"},"modified":"2024-07-10T13:23:08","modified_gmt":"2024-07-10T13:23:08","slug":"au-sommet-de-lotan-joe-biden-veut-rassurer-sur-le-soutien-a-lukraine","status":"publish","type":"post","link":"https:\/\/dekkbi.com\/?p=38277","title":{"rendered":"Au sommet de l&rsquo;Otan, Joe Biden veut rassurer sur le soutien \u00e0 l&rsquo;Ukraine"},"content":{"rendered":"\n<p>Le sommet de l\u2019Otan s\u2019est ouvert mardi 9 juillet \u00e0 Washington par une c\u00e9l\u00e9bration des 75 ans du trait\u00e9 de l\u2019Atlantique nord. \u00c0 cette occasion, le pr\u00e9sident am\u00e9ricain, Joe Biden, a prononc\u00e9 un discours pour r\u00e9affirmer la force de l\u2019Alliance atlantique et son soutien \u00e0 l\u2019Ukraine.\u00a0<\/p>\n\n\n\n<p>Par : RFI<a href=\"https:\/\/x.com\/intent\/follow?screen_name=rfi\" target=\"_blank\" rel=\"noreferrer noopener\"> <\/a><\/p>\n\n\n\n<p>Comme tous les chefs d\u2019\u00c9tat,\u00a0<strong>Joe Biden<\/strong>\u00a0appr\u00e9cie les symboles. C\u2019est donc dans la salle o\u00f9 le trait\u00e9 de l\u2019Atlantique nord avait \u00e9t\u00e9 sign\u00e9 en 1949 qu\u2019il s\u2019est exprim\u00e9. Un discours pour dire que l\u2019<strong>Otan<\/strong>\u00a0est plus forte aujourd\u2019hui et qu&rsquo;elle doit se renforcer pour faire face aux d\u00e9fis du moment, comme le soutien au partenaire ukrainien.<\/p>\n\n\n\n<p>\u00ab\u00a0<em>Poutine ne veut rien de moins que la soumission totale de l\u2019<strong>Ukraine<\/strong>, mettre fin \u00e0 la d\u00e9mocratie en Ukraine, d\u00e9truire la culture ukrainienne et effacer l\u2019Ukraine de la carte. Et nous savons qu\u2019il ne s\u2019arr\u00eatera pas \u00e0 l\u2019Ukraine. Mais ne vous y trompez pas, l\u2019Ukraine peut et va arr\u00eater Poutine<\/em>\u00a0\u00bb, a martel\u00e9 le pr\u00e9sident am\u00e9ricain.<\/p>\n\n\n\n<p>Ainsi, le pays en guerre contre la <strong>Russie<\/strong>\u00a0va recevoir cinq batteries anti-a\u00e9riennes suppl\u00e9mentaires,\u00a0dont quatre batteries de type Patriot,\u00a0pour faire face \u00e0 l\u2019agression russe. Ces syst\u00e8mes sont r\u00e9clam\u00e9s \u00e0 cor et \u00e0 cri par le pr\u00e9sident ukrainien <strong>Volodymyr Zelensky<\/strong>, \u00e9galement pr\u00e9sent \u00e0 Washington. Il a remerci\u00e9 mardi les alli\u00e9s pour leur \u00ab\u00a0<em>forte d\u00e9claration\u00a0<\/em>\u00bb de soutien, les appelant \u00e0 ne pas baisser la garde dans l&rsquo;attente des r\u00e9sultats des \u00e9lections en novembre aux \u00c9tats-Unis.<\/p>\n\n\n\n<h2 class=\"wp-block-heading\">Rassurer sur l&rsquo;engagement am\u00e9ricain<\/h2>\n\n\n\n<p>Et justement, ce discours de Joe Biden \u00e9tait aussi destin\u00e9 \u00e0 rassurer sur l\u2019engagement am\u00e9ricain envers ses alli\u00e9s qui s\u2019inqui\u00e8tent d\u2019un \u00e9ventuel retour d\u2019un Donald Trump moins investi dans l\u2019Alliance atlantique.&nbsp;\u00ab&nbsp;<em>Une \u00e9norme majorit\u00e9 bipartisane d\u2019am\u00e9ricain sait que l\u2019Otan nous met tous davantage en s\u00e9curit\u00e9. Le fait que des repr\u00e9sentants des partis d\u00e9mocrate et r\u00e9publicain soient repr\u00e9sent\u00e9s ici aujourd\u2019hui en t\u00e9moigne.<\/em>&nbsp;<em>\u00bb&nbsp;<\/em>Joe Biden en a aussi profit\u00e9 pour faire remarquer que lorsqu&rsquo;il a succ\u00e9d\u00e9 \u00e0 Donald Trump, neuf pays seulement atteignaient l\u2019objectif de 2% du PIB en d\u00e9penses militaires r\u00e9clam\u00e9 par son pr\u00e9d\u00e9cesseur et qu\u2019aujourd\u2019hui, ils sont 23.&nbsp;<\/p>\n\n\n\n<p>Les mots du pr\u00e9sident am\u00e9ricain \u00e9taient attendus par une partie de la communaut\u00e9 internationale, comme l&rsquo;a rappel\u00e9 le secr\u00e9taire g\u00e9n\u00e9ral sortant de l&rsquo;alliance,&nbsp;Jens Stoltenberg, pour qui, apr\u00e8s deux ans de guerre, le soutien \u00ab&nbsp;<em>ne va pas de soi&nbsp;<\/em>\u00bb.<\/p>\n\n\n\n<p>Outre la livraison de cinq batteries anti-a\u00e9riennes, les dirigeants des pays membres de l&rsquo;Otan doivent se r\u00e9unir au sein du Conseil de l&rsquo;Atlantique nord, l&rsquo;organe politique supr\u00eame de l&rsquo;Otan, ce mercredi. Ils doivent discuter des modalit\u00e9s de ce soutien accru \u00e0 l&rsquo;Ukraine, qui fait face \u00e0 un barrage croissant de missiles russes.<\/p>\n\n\n\n<h2 class=\"wp-block-heading\"><\/h2>\n","protected":false},"excerpt":{"rendered":"<p>Le sommet de l\u2019Otan s\u2019est ouvert mardi 9 juillet \u00e0 Washington par une c\u00e9l\u00e9bration des 75 ans du trait\u00e9 de<\/p>\n","protected":false},"author":1,"featured_media":38278,"comment_status":"open","ping_status":"open","sticky":false,"template":"","format":"standard","meta":{"footnotes":""},"categories":[51],"tags":[],"class_list":["post-38277","post","type-post","status-publish","format-standard","has-post-thumbnail","hentry","category-general"],"_links":{"self":[{"href":"https:\/\/dekkbi.com\/index.php?rest_route=\/wp\/v2\/posts\/38277","targetHints":{"allow":["GET"]}}],"collection":[{"href":"https:\/\/dekkbi.com\/index.php?rest_route=\/wp\/v2\/posts"}],"about":[{"href":"https:\/\/dekkbi.com\/index.php?rest_route=\/wp\/v2\/types\/post"}],"author":[{"embeddable":true,"href":"https:\/\/dekkbi.com\/index.php?rest_route=\/wp\/v2\/users\/1"}],"replies":[{"embeddable":true,"href":"https:\/\/dekkbi.com\/index.php?rest_route=%2Fwp%2Fv2%2Fcomments&post=38277"}],"version-history":[{"count":1,"href":"https:\/\/dekkbi.com\/index.php?rest_route=\/wp\/v2\/posts\/38277\/revisions"}],"predecessor-version":[{"id":38279,"href":"https:\/\/dekkbi.com\/index.php?rest_route=\/wp\/v2\/posts\/38277\/revisions\/38279"}],"wp:featuredmedia":[{"embeddable":true,"href":"https:\/\/dekkbi.com\/index.php?rest_route=\/wp\/v2\/media\/38278"}],"wp:attachment":[{"href":"https:\/\/dekkbi.com\/index.php?rest_route=%2Fwp%2Fv2%2Fmedia&parent=38277"}],"wp:term":[{"taxonomy":"category","embeddable":true,"href":"https:\/\/dekkbi.com\/index.php?rest_route=%2Fwp%2Fv2%2Fcategories&post=38277"},{"taxonomy":"post_tag","embeddable":true,"href":"https:\/\/dekkbi.com\/index.php?rest_route=%2Fwp%2Fv2%2Ftags&post=38277"}],"curies":[{"name":"wp","href":"https:\/\/api.w.org\/{rel}","templated":true}]}}