{"id":38274,"date":"2024-07-10T13:01:57","date_gmt":"2024-07-10T13:01:57","guid":{"rendered":"https:\/\/dekkbi.com\/?p=38274"},"modified":"2024-07-10T13:01:57","modified_gmt":"2024-07-10T13:01:57","slug":"legislatives-en-france-les-republicains-se-revent-en-role-pivot-dans-la-nouvelle-assemblee","status":"publish","type":"post","link":"https:\/\/dekkbi.com\/?p=38274","title":{"rendered":"L\u00e9gislatives en France: Les R\u00e9publicains se r\u00eavent en r\u00f4le pivot dans la nouvelle Assembl\u00e9e"},"content":{"rendered":"\n<p>Le parti de droite Les R\u00e9publicains (LR), s\u00e9rieusement secou\u00e9 depuis les Europ\u00e9ennes, a finalement sauv\u00e9 sa peau apr\u00e8s la dissolution de l&rsquo;Assembl\u00e9e nationale fran\u00e7aise. LR est parvenu \u00e0 \u00e9lire une quarantaine de parlementaires \u00e0 l&rsquo;Assembl\u00e9e et peut toujours rallier d&rsquo;autres \u00e9lus divers droite pour constituer un groupe d&rsquo;une soixantaine de d\u00e9put\u00e9s. Mais quel r\u00f4le pourra jouer LR dans cette nouvelle Assembl\u00e9e sans majorit\u00e9 pour personne ?\u00a0<\/p>\n\n\n\n<p>Par : RFI avec AFP<\/p>\n\n\n\n<p>Entre 2022 et aujourd&rsquo;hui, le parti fran\u00e7ais de droite Les R\u00e9publicains (LR) avait refus\u00e9 toute alliance avec l&rsquo;ancienne majorit\u00e9 pr\u00e9sidentielle mais la droite avait r\u00e9guli\u00e8rement sauv\u00e9 le gouvernement en ne joignant jamais la totalit\u00e9 de ses voix aux nombreuses motions de censure.<\/p>\n\n\n\n<p>Les R\u00e9publicains &#8211; qui ont remport\u00e9 une soixantaine de si\u00e8ges \u00e0 l&rsquo;Assembl\u00e9e\u00a0<strong>dimanche aux l\u00e9gislatives<\/strong>, dont une quarantaine sous l&rsquo;\u00e9tiquette LR et une quinzaine sous celle de divers droite &#8211; semble aujourd&rsquo;hui rester sur la m\u00eame ligne, si l&rsquo;on s&rsquo;en tient au possible futur chef du groupe,\u00a0<strong>Laurent Wauquiez<\/strong>. Ce dernier a martel\u00e9 d\u00e8s le soir du second tour : \u00ab\u00a0<em>Aucune coalition, ni compromission. L&rsquo;ind\u00e9pendance, rien que l&rsquo;ind\u00e9pendance.\u00a0<\/em>\u00bb<\/p>\n\n\n\n<p>Mais l&rsquo;ancien chef du parti, en lice pour la\u00a0<strong>pr\u00e9sidentielle fran\u00e7aise<\/strong>\u00a02027, va-t-il r\u00e9ussir \u00e0 tenir ses troupes ? C&rsquo;est tout l&rsquo;enjeu, surtout depuis le d\u00e9part de l&rsquo;ancien pr\u00e9sident du groupe, \u00c9ric Ciotti, est parti pour le RN.<\/p>\n\n\n\n<h2 class=\"wp-block-heading\">Une coalition avec le camp pr\u00e9sidentiel ?<\/h2>\n\n\n\n<p>Mais apr\u00e8s avoir d&rsquo;abord \u00e9t\u00e9 inflexibles sur l&rsquo;hypoth\u00e8se, des LR &#8211; les plus proches du centre &#8211;\u00a0<strong>sont d\u00e9j\u00e0 tent\u00e9s de rejoindre<\/strong>, comme d&rsquo;autres avant eux, Emmanuel Macron dans une coalition. Un pr\u00e9sident d&rsquo;ailleurs silencieux depuis le second tour des l\u00e9gislatives qui a vu le Nouveau Front populaire &#8211; l&rsquo;alliance des gauches &#8211; devancer le camp pr\u00e9sidentiel aux l\u00e9gislatives, et qui a d\u00e9j\u00e0 re\u00e7u mardi soir \u00e0 l&rsquo;Elys\u00e9e le pr\u00e9sident LR du S\u00e9nat G\u00e9rard Larcher, selon des informations confirm\u00e9es par l&rsquo;AFP et\u00a0<em>Le Figaro<\/em>.<\/p>\n\n\n\n<p>Certains t\u00e9nors de la droite vont m\u00eame plus loin : le pr\u00e9sident LR des Hauts-de-France, Xavier Bertrand, ainsi que le d\u00e9put\u00e9 Olivier Marleix, ont plaid\u00e9 mardi 9 juillet pour la nomination d&rsquo;un Premier ministre issu de leur camp.<\/p>\n\n\n\n<p>\u00ab<em>\u00a0Il nous faut un gouvernement d&rsquo;urgence avec des LR, des ind\u00e9pendants, le camp d&rsquo;Emmanuel Macron, et peut-\u00eatre aussi des hommes et des femmes de bonne volont\u00e9 qui veulent clairement que notre pays ne soit pas paralys\u00e9<\/em>\u00a0\u00bb, a expliqu\u00e9 Xavier Bertrand sur France 2 mardi soir. Refusant\u00a0<strong>de parler de coalition<\/strong>, il a pr\u00e9sent\u00e9 son initiative comme un \u00ab\u00a0<em>gouvernement de rassemblement<\/em>\u00a0\u00bb, estimant que \u00ab\u00a0<em>si l&rsquo;on veut qu&rsquo;il y ait un changement, \u00e7a ne peut \u00eatre un Premier ministre issu du camp pr\u00e9sidentiel qui doit aller \u00e0 Matignon\u00a0<\/em>\u00bb.<\/p>\n\n\n\n<p>Pour afficher ce contenu X (Twitter), il est n\u00e9cessaire d&rsquo;autoriser les cookies de mesure d&rsquo;audience et de publicit\u00e9.AccepterG\u00e9rer mes choix<\/p>\n\n\n\n<h2 class=\"wp-block-heading\">Premier ministre LR ?<\/h2>\n\n\n\n<p>Alors, aura-t-on un Premier ministre issu des rangs LR\u00a0<strong>pour remplacer Gabriel Attal<\/strong>\u00a0? Il s&rsquo;agit en tout cas d&rsquo;un compromis qui ne poserait \u00ab\u00a0<em>aucun probl\u00e8me<\/em>\u00a0\u00bb au pr\u00e9sident du parti Horizons, \u00c9douard Philippe. Ce dernier a m\u00eame plaid\u00e9 mardi pour un \u00ab<em>\u00a0accord technique<\/em>\u00a0\u00bb entre le camp pr\u00e9sidentiel et Les R\u00e9publicains, qui devront, en cas de refus, \u00ab\u00a0<em>expliquer \u00e0 leurs \u00e9lecteurs qu&rsquo;ils ont pr\u00e9f\u00e9r\u00e9 un gouvernement du Nouveau Front populaire avec LFI<\/em>\u00a0\u00bb.<\/p>\n\n\n\n<p>M\u00eame son de cloche du c\u00f4t\u00e9 de certains cadres de la macronie qui cherchent une alternative \u00e0 la gauche pour gouverner. Par exemple, G\u00e9rald Darmanin s&rsquo;est, lui aussi, dit pr\u00eat \u00e0&nbsp;faire d&rsquo;importantes concessions en se tournant vers la droite : \u00ab<em>&nbsp;Il peut y avoir un Premier ministre de droite, \u00e7a ne me g\u00eanerait en rien<\/em>&nbsp;\u00bb, a ainsi d\u00e9clar\u00e9 le ministre de l&rsquo;Int\u00e9rieur sur CNews et Europe 1.<\/p>\n\n\n\n<h2 class=\"wp-block-heading\">Un nouveau pr\u00e9sident et un nouveau nom de parti<\/h2>\n\n\n\n<p>Puis certains \u00e9lectrons libres de la droite, comme Aur\u00e9lien Pradi\u00e9,&nbsp;d\u00e9put\u00e9 du Lot, laissent la porte ouverte \u00e0 la cr\u00e9ation d&rsquo;un groupe \u00e0 part enti\u00e8re. \u00c0 peine avait-il retrouv\u00e9 l&rsquo;Assembl\u00e9e mardi qu&rsquo;il qualifiait devant les cam\u00e9ras \u00ab LR&nbsp;\u00bb de marque morte.<\/p>\n\n\n\n<p>Cr\u00e9er un nouveau parti est cependant l&rsquo;une des rares id\u00e9es sur lesquelles les R\u00e9publicains s&rsquo;entendent, d&rsquo;Aur\u00e9lien Pradi\u00e9 sur l&rsquo;aile gauche, \u00e0 Bruno Retailleau, sur l&rsquo;aile la plus conservatrice. En effet, entre 30 et 40 des d\u00e9put\u00e9s LR ont pr\u00e9vu de se r\u00e9unir ce mercredi pour d\u00e9signer leur pr\u00e9sident et changer de nom au sein de leur groupe, apr\u00e8s l&rsquo;alliance sans concertation de leur pr\u00e9sident avec le RN avant le premier tour.<\/p>\n","protected":false},"excerpt":{"rendered":"<p>Le parti de droite Les R\u00e9publicains (LR), s\u00e9rieusement secou\u00e9 depuis les Europ\u00e9ennes, a finalement sauv\u00e9 sa peau apr\u00e8s la dissolution<\/p>\n","protected":false},"author":1,"featured_media":38275,"comment_status":"open","ping_status":"open","sticky":false,"template":"","format":"standard","meta":{"footnotes":""},"categories":[51],"tags":[],"class_list":["post-38274","post","type-post","status-publish","format-standard","has-post-thumbnail","hentry","category-general"],"_links":{"self":[{"href":"https:\/\/dekkbi.com\/index.php?rest_route=\/wp\/v2\/posts\/38274","targetHints":{"allow":["GET"]}}],"collection":[{"href":"https:\/\/dekkbi.com\/index.php?rest_route=\/wp\/v2\/posts"}],"about":[{"href":"https:\/\/dekkbi.com\/index.php?rest_route=\/wp\/v2\/types\/post"}],"author":[{"embeddable":true,"href":"https:\/\/dekkbi.com\/index.php?rest_route=\/wp\/v2\/users\/1"}],"replies":[{"embeddable":true,"href":"https:\/\/dekkbi.com\/index.php?rest_route=%2Fwp%2Fv2%2Fcomments&post=38274"}],"version-history":[{"count":1,"href":"https:\/\/dekkbi.com\/index.php?rest_route=\/wp\/v2\/posts\/38274\/revisions"}],"predecessor-version":[{"id":38276,"href":"https:\/\/dekkbi.com\/index.php?rest_route=\/wp\/v2\/posts\/38274\/revisions\/38276"}],"wp:featuredmedia":[{"embeddable":true,"href":"https:\/\/dekkbi.com\/index.php?rest_route=\/wp\/v2\/media\/38275"}],"wp:attachment":[{"href":"https:\/\/dekkbi.com\/index.php?rest_route=%2Fwp%2Fv2%2Fmedia&parent=38274"}],"wp:term":[{"taxonomy":"category","embeddable":true,"href":"https:\/\/dekkbi.com\/index.php?rest_route=%2Fwp%2Fv2%2Fcategories&post=38274"},{"taxonomy":"post_tag","embeddable":true,"href":"https:\/\/dekkbi.com\/index.php?rest_route=%2Fwp%2Fv2%2Ftags&post=38274"}],"curies":[{"name":"wp","href":"https:\/\/api.w.org\/{rel}","templated":true}]}}