{"id":38258,"date":"2024-07-10T11:37:22","date_gmt":"2024-07-10T11:37:22","guid":{"rendered":"https:\/\/dekkbi.com\/?p=38258"},"modified":"2024-07-10T11:37:23","modified_gmt":"2024-07-10T11:37:23","slug":"reaction-de-kemi-seba-apres-avoir-perdu-sa-nationalite-francaise-tout-rentre-dans-lordre-desormais-cest-maintenant-que-tout-commence","status":"publish","type":"post","link":"https:\/\/dekkbi.com\/?p=38258","title":{"rendered":"R\u00e9action de K\u00e9mi Seba apr\u00e8s avoir perdu sa nationalit\u00e9 fran\u00e7aise: \u00abTout rentre dans l\u2019ordre d\u00e9sormais. C\u2019est maintenant que tout commence\u00bb"},"content":{"rendered":"\n<p>e pol\u00e9miste anciennement franco-b\u00e9ninois, K\u00e9mi Seba, a perdu sa nationalit\u00e9 fran\u00e7aise, selon un d\u00e9cret du Conseil d\u2019\u00c9tat publi\u00e9 ce mardi 9 juillet au Journal officiel. Sur son compte X, l\u2019activiste pense que c\u2019est une d\u00e9cision qui vient en retard et se r\u00e9jouit de la nouvelle car il a \u00ab quitt\u00e9 la France depuis bient\u00f4t 14 ans \u00e0 cause de sa politique n\u00e9ocoloniale et de sa n\u00e9grophobie syst\u00e9mique que je combats depuis l\u2019Afrique frontalement; j\u2019ai de plus br\u00fbl\u00e9 le passeport depuis plusieurs mois d\u00e9j\u00e0 \u00bb.<\/p>\n\n\n\n<p>Pour Stellio Capo Chici, 42 ans, la d\u00e9cision du conseil d\u2019Etat vient tr\u00e8s en retard. \u00ab Tout rentre dans l\u2019ordre d\u00e9sormais. C\u2019est maintenant que tout commence \u00bb.<\/p>\n\n\n\n<p>Bes Bi<\/p>\n","protected":false},"excerpt":{"rendered":"<p>e pol\u00e9miste anciennement franco-b\u00e9ninois, K\u00e9mi Seba, a perdu sa nationalit\u00e9 fran\u00e7aise, selon un d\u00e9cret du Conseil d\u2019\u00c9tat publi\u00e9 ce mardi<\/p>\n","protected":false},"author":1,"featured_media":38259,"comment_status":"open","ping_status":"open","sticky":false,"template":"","format":"standard","meta":{"footnotes":""},"categories":[26],"tags":[],"class_list":["post-38258","post","type-post","status-publish","format-standard","has-post-thumbnail","hentry","category-fait-divers"],"_links":{"self":[{"href":"https:\/\/dekkbi.com\/index.php?rest_route=\/wp\/v2\/posts\/38258","targetHints":{"allow":["GET"]}}],"collection":[{"href":"https:\/\/dekkbi.com\/index.php?rest_route=\/wp\/v2\/posts"}],"about":[{"href":"https:\/\/dekkbi.com\/index.php?rest_route=\/wp\/v2\/types\/post"}],"author":[{"embeddable":true,"href":"https:\/\/dekkbi.com\/index.php?rest_route=\/wp\/v2\/users\/1"}],"replies":[{"embeddable":true,"href":"https:\/\/dekkbi.com\/index.php?rest_route=%2Fwp%2Fv2%2Fcomments&post=38258"}],"version-history":[{"count":1,"href":"https:\/\/dekkbi.com\/index.php?rest_route=\/wp\/v2\/posts\/38258\/revisions"}],"predecessor-version":[{"id":38260,"href":"https:\/\/dekkbi.com\/index.php?rest_route=\/wp\/v2\/posts\/38258\/revisions\/38260"}],"wp:featuredmedia":[{"embeddable":true,"href":"https:\/\/dekkbi.com\/index.php?rest_route=\/wp\/v2\/media\/38259"}],"wp:attachment":[{"href":"https:\/\/dekkbi.com\/index.php?rest_route=%2Fwp%2Fv2%2Fmedia&parent=38258"}],"wp:term":[{"taxonomy":"category","embeddable":true,"href":"https:\/\/dekkbi.com\/index.php?rest_route=%2Fwp%2Fv2%2Fcategories&post=38258"},{"taxonomy":"post_tag","embeddable":true,"href":"https:\/\/dekkbi.com\/index.php?rest_route=%2Fwp%2Fv2%2Ftags&post=38258"}],"curies":[{"name":"wp","href":"https:\/\/api.w.org\/{rel}","templated":true}]}}