{"id":38255,"date":"2024-07-10T11:35:07","date_gmt":"2024-07-10T11:35:07","guid":{"rendered":"https:\/\/dekkbi.com\/?p=38255"},"modified":"2024-07-10T11:35:08","modified_gmt":"2024-07-10T11:35:08","slug":"promotion-de-la-filiere-mangue-sur-le-marche-mondial-des-experts-et-producteurs-partagent-leurs-experiences","status":"publish","type":"post","link":"https:\/\/dekkbi.com\/?p=38255","title":{"rendered":"Promotion de la fili\u00e8re mangue sur le march\u00e9 mondial : des experts et producteurs partagent leurs exp\u00e9riences"},"content":{"rendered":"\n<p><strong>Dakar abrite depuis  le mardi 9 juillet 2024,\u00a0\u00a0 une conf\u00e9rence internationale d\u00e9di\u00e9e \u00e0 la promotion de la fili\u00e8re mangue sur le march\u00e9 mondial. Cette rencontre a r\u00e9uni plusieurs acteurs, notamment des universitaires, des chercheurs, des membres d\u2019organisations de producteurs, des exportateurs, des industriels de la fili\u00e8re, des diplomates ainsi que des partenaires techniques et financiers.<\/strong><\/p>\n\n\n\n<p>\u00ab&nbsp;Performer dans l\u2019\u00e9conomie mondiale de la mangue&nbsp;\u00bb. C\u2019est le th\u00e8me de la conf\u00e9rence internationale d\u00e9di\u00e9e \u00e0 la promotion de la fili\u00e8re mangue sur le march\u00e9 mondial qui s\u2019est tenue hier, mardi 9 juillet \u00e0 Diamniadio, Elle est organis\u00e9e par ACAD\u2019EMIA, une universit\u00e9 priv\u00e9e des Sciences et technologie, dirig\u00e9e par Aliou Sall, ex-maire de Gu\u00e9diawaye. Le Pakistan et de nombreuses structures sont partenaires dans l\u2019organisation de cette conf\u00e9rence internationale. \u00ab&nbsp;La conf\u00e9rence vise \u00e0 promouvoir les \u00e9changes d\u2019informations scientifiques, d\u2019exp\u00e9rience et de bonnes pratiques entre les diff\u00e9rents acteurs que sont les producteurs, les industriels, les chercheurs et partenaires&nbsp;\u00bb, a fait savoir Aliou Sall, administrateur g\u00e9n\u00e9ral d\u2019ACAD\u2019EMIA. Selon lui, cette conf\u00e9rence \u00e9tait aussi destin\u00e9e \u00e0 construire un plaidoyer qui sera remis au gouvernement. \u00ab&nbsp;<em>Notre ambition est que cette conf\u00e9rence soit r\u00e9guli\u00e8re et qu\u2019elle soit consacr\u00e9e aux questions agricoles et agronomiques. Nos pays de fa\u00e7on naturelle et de fa\u00e7on traditionnelle sont habitu\u00e9s \u00e0 produire des mangues avec de grands arbres, avec une certaine productivit\u00e9 qui, aujourd\u2019hui, ne r\u00e9pond pas aux nouveaux enjeux et \u00e0 la demande croissante de mangues de qualit\u00e9 que les march\u00e9 europ\u00e9ens, Nord et Sud de l\u2019Afrique expriment<\/em>&nbsp;\u00bb, a-t-il relev\u00e9. Pour mieux r\u00e9pondre \u00e0 cette demande, souligne-t-il, il faut innover et pour exporter, il faut ma\u00eetriser la chaine logistique. \u00ab&nbsp;Pour exporter, il faut r\u00e9pondre aux normes internationales de calibrage, notamment&nbsp;\u00bb, a-t-il insist\u00e9. Pour sa part, l\u2019ambassadrice du Pakistan \u00e0 Dakar pense que cette conf\u00e9rence est une opportunit\u00e9 d\u2019affaires entre son pays et le S\u00e9n\u00e9gal.&nbsp;\u00ab&nbsp;C\u2019est une bonne opportunit\u00e9 de partenariat entre le S\u00e9n\u00e9gal et le Pakistan. C\u2019est une bonne opportunit\u00e9 pour \u00e9changer dans les technologies, dans le secteur du commerce&nbsp;\u00bb, a indiqu\u00e9 la diplomate.<\/p>\n\n\n\n<p><strong>NDEYE AMINATA CISSE<\/strong><\/p>\n","protected":false},"excerpt":{"rendered":"<p>Dakar abrite depuis le mardi 9 juillet 2024,\u00a0\u00a0 une conf\u00e9rence internationale d\u00e9di\u00e9e \u00e0 la promotion de la fili\u00e8re mangue sur<\/p>\n","protected":false},"author":1,"featured_media":38256,"comment_status":"open","ping_status":"open","sticky":false,"template":"","format":"standard","meta":{"footnotes":""},"categories":[3],"tags":[],"class_list":["post-38255","post","type-post","status-publish","format-standard","has-post-thumbnail","hentry","category-event-more-news"],"_links":{"self":[{"href":"https:\/\/dekkbi.com\/index.php?rest_route=\/wp\/v2\/posts\/38255","targetHints":{"allow":["GET"]}}],"collection":[{"href":"https:\/\/dekkbi.com\/index.php?rest_route=\/wp\/v2\/posts"}],"about":[{"href":"https:\/\/dekkbi.com\/index.php?rest_route=\/wp\/v2\/types\/post"}],"author":[{"embeddable":true,"href":"https:\/\/dekkbi.com\/index.php?rest_route=\/wp\/v2\/users\/1"}],"replies":[{"embeddable":true,"href":"https:\/\/dekkbi.com\/index.php?rest_route=%2Fwp%2Fv2%2Fcomments&post=38255"}],"version-history":[{"count":1,"href":"https:\/\/dekkbi.com\/index.php?rest_route=\/wp\/v2\/posts\/38255\/revisions"}],"predecessor-version":[{"id":38257,"href":"https:\/\/dekkbi.com\/index.php?rest_route=\/wp\/v2\/posts\/38255\/revisions\/38257"}],"wp:featuredmedia":[{"embeddable":true,"href":"https:\/\/dekkbi.com\/index.php?rest_route=\/wp\/v2\/media\/38256"}],"wp:attachment":[{"href":"https:\/\/dekkbi.com\/index.php?rest_route=%2Fwp%2Fv2%2Fmedia&parent=38255"}],"wp:term":[{"taxonomy":"category","embeddable":true,"href":"https:\/\/dekkbi.com\/index.php?rest_route=%2Fwp%2Fv2%2Fcategories&post=38255"},{"taxonomy":"post_tag","embeddable":true,"href":"https:\/\/dekkbi.com\/index.php?rest_route=%2Fwp%2Fv2%2Ftags&post=38255"}],"curies":[{"name":"wp","href":"https:\/\/api.w.org\/{rel}","templated":true}]}}