{"id":38216,"date":"2024-07-09T12:31:26","date_gmt":"2024-07-09T12:31:26","guid":{"rendered":"https:\/\/dekkbi.com\/?p=38216"},"modified":"2024-07-09T12:31:26","modified_gmt":"2024-07-09T12:31:26","slug":"legislatives-en-france-gabriel-attal-premier-ministre-jusqua-quand","status":"publish","type":"post","link":"https:\/\/dekkbi.com\/?p=38216","title":{"rendered":"L\u00e9gislatives en France: Gabriel Attal, Premier ministre jusqu\u2019\u00e0 quand?"},"content":{"rendered":"\n<p>Au lendemain du second tour des l\u00e9gislatives anticip\u00e9es, le chef du gouvernement a vu sa d\u00e9mission refus\u00e9e par le pr\u00e9sident. Gabriel Attal reste donc Premier ministre \u00ab\u00a0<em>pour le moment<\/em>\u00a0\u00bb. Mais combien de temps cette situation peut-elle durer\u00a0?<\/p>\n\n\n\n<p>En\u00a0<strong>refusant la d\u00e9mission du Premier ministre<\/strong>\u00a0lundi 8 juillet,\u00a0<strong>Emmanuel Macron<\/strong>\u00a0cherche \u00e0 gagner du temps. Conform\u00e9ment \u00e0 ce que pr\u00e9voit l\u2019article 8 de la Constitution, le pr\u00e9sident de la R\u00e9publique d\u00e9tient \u00e0 lui seul le pouvoir de nommer et d\u00e9mettre le chef du gouvernement. Il choisit d\u2019ailleurs qui il veut, quand il veut. Si l&rsquo;on s\u2019en tient \u00e0 la lettre, cette situation peut donc durer aussi longtemps que le souhaite le pr\u00e9sident.<\/p>\n\n\n\n<p>Toutefois,\u00a0<strong>Emmanuel Macron<\/strong>\u00a0a face \u00e0 lui plusieurs contraintes. D&rsquo;abord, si son camp a mieux r\u00e9sist\u00e9 que pr\u00e9vu aux l\u00e9gislatives anticip\u00e9es (aux alentours de 160 si\u00e8ges), il ne repr\u00e9sente plus la premi\u00e8re force de l&rsquo;Assembl\u00e9e nationale. Le locataire de l\u2019\u00c9lys\u00e9e se retrouve donc sous pression de la gauche qui revendique le droit de proposer, en priorit\u00e9, un Premier ministre en se fondant sur le constat implacable que le Nouveau Front populaire dispose du plus gros contingent de d\u00e9put\u00e9s avec une majorit\u00e9 tr\u00e8s relative d&rsquo;environ 190 \u00e9lus, tr\u00e8s loin des 289 n\u00e9cessaires pour la majorit\u00e9 absolue. Mais l\u00e0, encore, rien n\u2019oblige le pr\u00e9sident \u00e0 retenir un membre du premier groupe de l\u2019Assembl\u00e9e pour diriger le gouvernement.<\/p>\n\n\n\n<h2 class=\"wp-block-heading\">Coalitions impossibles, majorit\u00e9 tr\u00e8s relative<\/h2>\n\n\n\n<p>Au soir du second tour, Emmanuel Macron a, par ailleurs, d\u00e9clar\u00e9 vouloir attendre une \u00ab&nbsp;<em>structuration<\/em>&nbsp;\u00bb de la nouvelle Assembl\u00e9e. Et c\u2019est l\u00e0 qu\u2019intervient la deuxi\u00e8me contrainte&nbsp;: le calendrier. Le chef de l\u2019\u00c9tat entend ici observer la composition des groupes. Les d\u00e9put\u00e9s \u00e9lus ou r\u00e9\u00e9lus dimanche dernier ont jusqu\u2019au 18 juillet, date impos\u00e9e par la Constitution, pour choisir le groupe dans lequel ils veulent si\u00e9ger. Une fois les groupes \u00e9tablis et r\u00e9partis, cela permettra d\u2019identifier plus pr\u00e9cis\u00e9ment ceux pouvant potentiellement participer \u00e0 une grande coalition capable de gouverner.<\/p>\n\n\n\n<p>Certains du camp macroniste souhaitent exclure des forces comme la France insoumise et le Rassemblement national pour former une sorte de grande majorit\u00e9 r\u00e9publicaine. Trouver une telle \u00ab&nbsp;<em>coalition de majorit\u00e9 relative<\/em>&nbsp;\u00bb sur \u00ab&nbsp;<em>des items importants comme le pouvoir d&rsquo;achat et la s\u00e9curit\u00e9&nbsp;<\/em>\u00bb cela \u00ab&nbsp;<em>va prendre plusieurs semaines<\/em>&nbsp;\u00bb, a estim\u00e9 lundi le d\u00e9put\u00e9 Renaissance de Paris, Sylvain Maillard. Il s&rsquo;agit surtout d&rsquo;un \u00ab&nbsp;<em>doux r\u00eave<\/em>&nbsp;\u00bb, a ass\u00e9n\u00e9 en retour le patron des s\u00e9nateurs Les R\u00e9publicains Bruno Retailleau, interrogeant&nbsp;: \u00ab<em>&nbsp;Est-ce que vous me voyez franchement gouverner avec Fran\u00e7ois Hollande<\/em>&nbsp;? \u00bb.<\/p>\n\n\n\n<p>\u00c0 gauche, des d\u00e9put\u00e9s \u00e9lus sans l&rsquo;\u00e9tiquette du NFP seraient pr\u00eats \u00e0 cette perspective et \u00e0 rejoindre le groupe socialiste s\u2019il rompt avec LFI. D\u2019autres, toujours \u00e0 gauche, estiment que le Nouveau Front populaire (LFI compris) doit gouverner. Des discussions sont en cours pour proposer un nom de Premier ministre au pr\u00e9sident ces prochains jours. \u00ab&nbsp;<em>Nous ne devons pas laisser s&rsquo;imposer une forme de vide dans lequel le chef de l&rsquo;\u00c9tat s&rsquo;engouffrerait<\/em>&nbsp;\u00bb, a insist\u00e9 le patron du PS, Olivier Faure. Emmanuel Macron&nbsp;ne sera \u00e9videmment pas oblig\u00e9 d&rsquo;accepter le nom propos\u00e9.<\/p>\n\n\n\n<p>Pour afficher ce contenu X (Twitter), il est n\u00e9cessaire d&rsquo;autoriser les cookies de mesure d&rsquo;audience et de publicit\u00e9.AccepterG\u00e9rer mes choix<\/p>\n\n\n\n<h2 class=\"wp-block-heading\">Le 18 juillet, date butoir<\/h2>\n\n\n\n<p>Cependant, \u00e0 partir de 18 juillet, la nouvelle Assembl\u00e9e si\u00e9gera. Elle aura pour priorit\u00e9 d\u2019\u00e9lire le ou la pr\u00e9sidente de l\u2019Assembl\u00e9e nationale, puis ses vice-pr\u00e9sidents, les pr\u00e9sidents de commissions et les membres de la questure. Une fois tout ce petit monde install\u00e9, des motions de censure pourront \u00eatre d\u00e9pos\u00e9es et donc le gouvernement de Gabriel Attal potentiellement renvers\u00e9. Il peut n\u00e9anmoins \u00eatre sauv\u00e9 si aucune majorit\u00e9 absolue (289 d\u00e9put\u00e9s) ne vote la chute du gouvernement. Dans ce cas, le gouvernement Attal tiendrait et cela d\u00e9gagerait du temps pour laisser \u00e9merger une grande coalition.&nbsp;<\/p>\n\n\n\n<p>Pendant ce d\u00e9lai \u00e0 la dur\u00e9e non d\u00e9finie par la Constitution, le gouvernement va n\u00e9anmoins \u00eatre tr\u00e8s limit\u00e9 dans son champ d\u2019action. Il aura pour principale mission d\u2019assurer la continuit\u00e9 de l\u2019\u00c9tat.<\/p>\n\n\n\n<p>SOURCE RFI<\/p>\n","protected":false},"excerpt":{"rendered":"<p>Au lendemain du second tour des l\u00e9gislatives anticip\u00e9es, le chef du gouvernement a vu sa d\u00e9mission refus\u00e9e par le pr\u00e9sident.<\/p>\n","protected":false},"author":1,"featured_media":29302,"comment_status":"open","ping_status":"open","sticky":false,"template":"","format":"standard","meta":{"footnotes":""},"categories":[51],"tags":[],"class_list":["post-38216","post","type-post","status-publish","format-standard","has-post-thumbnail","hentry","category-general"],"_links":{"self":[{"href":"https:\/\/dekkbi.com\/index.php?rest_route=\/wp\/v2\/posts\/38216","targetHints":{"allow":["GET"]}}],"collection":[{"href":"https:\/\/dekkbi.com\/index.php?rest_route=\/wp\/v2\/posts"}],"about":[{"href":"https:\/\/dekkbi.com\/index.php?rest_route=\/wp\/v2\/types\/post"}],"author":[{"embeddable":true,"href":"https:\/\/dekkbi.com\/index.php?rest_route=\/wp\/v2\/users\/1"}],"replies":[{"embeddable":true,"href":"https:\/\/dekkbi.com\/index.php?rest_route=%2Fwp%2Fv2%2Fcomments&post=38216"}],"version-history":[{"count":1,"href":"https:\/\/dekkbi.com\/index.php?rest_route=\/wp\/v2\/posts\/38216\/revisions"}],"predecessor-version":[{"id":38217,"href":"https:\/\/dekkbi.com\/index.php?rest_route=\/wp\/v2\/posts\/38216\/revisions\/38217"}],"wp:featuredmedia":[{"embeddable":true,"href":"https:\/\/dekkbi.com\/index.php?rest_route=\/wp\/v2\/media\/29302"}],"wp:attachment":[{"href":"https:\/\/dekkbi.com\/index.php?rest_route=%2Fwp%2Fv2%2Fmedia&parent=38216"}],"wp:term":[{"taxonomy":"category","embeddable":true,"href":"https:\/\/dekkbi.com\/index.php?rest_route=%2Fwp%2Fv2%2Fcategories&post=38216"},{"taxonomy":"post_tag","embeddable":true,"href":"https:\/\/dekkbi.com\/index.php?rest_route=%2Fwp%2Fv2%2Ftags&post=38216"}],"curies":[{"name":"wp","href":"https:\/\/api.w.org\/{rel}","templated":true}]}}