{"id":38201,"date":"2024-07-09T11:47:35","date_gmt":"2024-07-09T11:47:35","guid":{"rendered":"https:\/\/dekkbi.com\/?p=38201"},"modified":"2024-07-09T11:47:36","modified_gmt":"2024-07-09T11:47:36","slug":"laips-afrique-au-president-matrice-motsepe-refusez-detre-un-faire-valoir","status":"publish","type":"post","link":"https:\/\/dekkbi.com\/?p=38201","title":{"rendered":"L\u2019AIPS\/Afrique au pr\u00e9sident Matrice Motsepe : \u00abRefusez d\u2019\u00eatre un faire-valoir\u00bb"},"content":{"rendered":"\n<p><strong>La coupe du monde des clubs de la Fifa a renvoy\u00e9 la Coupe d\u2019Afrique des nations (CAN), initialement pr\u00e9vue en juin-juillet 2025. La plus grande f\u00eate de football du continent se tiendra finalement du 21 d\u00e9cembre 2025 au 18 janvier 2026. Cette absence de maitrise de calendrier depuis la chute du pr\u00e9sident Hayatou en 2017 a pouss\u00e9 l\u2019AIPS\/Afrique \u00e0 adresser, hier, lundi 8 juillet 2024, une lettre ouverte au pr\u00e9sident de la CAF, Dr Patrice Motsepe ou elle l\u2019exhorte \u00e0 r\u00e9sister face \u00e0 la pression de la Fifa et de l\u2019UEFA sur les dates de la CAN. Nous publions in extenso la missive.<\/strong><\/p>\n\n\n\n<p>\u00abLe 12 mars 2021, un vent nouveau soufflait sur la Conf\u00e9d\u00e9ration Africaine de Football (CAF) au bord d\u2019une impasse financi\u00e8re. L\u2019instance fa\u00eeti\u00e8re du football continental affichait un d\u00e9ficit financier annuel avoisinant les 10&nbsp;millions de dollars US, selon Fouzi Lekjaa, le pr\u00e9sident de sa commission des finances.<\/p>\n\n\n\n<p>Gr\u00e2ce \u00e0 votre entregent et, surtout, fort de vos capacit\u00e9s manag\u00e9riales, la CAF est en passe de retrouver une sant\u00e9 financi\u00e8re. En t\u00e9moigne, l\u2019appui de votre Fondation qui a fait un don de 10 millions de dollars US en vue de l\u2019organisation du championnat africain de football scolaire dans le but de former des leaders de demain. Votre volont\u00e9 de rendre la CAF comp\u00e9titive et autonome ne souffre donc d\u2019aucune ambigu\u00eft\u00e9.<\/p>\n\n\n\n<p>Cependant, Monsieur le Pr\u00e9sident, les balbutiements et autres incertitudes observ\u00e9es autour de la programmation de la Coupe d\u2019Afrique des Nations (CAN) laissent plus d\u2019un songeur quant \u00e0 la p\u00e9rennit\u00e9 de la comp\u00e9tition majeure de notre continent qui peine \u00e0 trouver une place dans le calendrier&nbsp; international.<\/p>\n\n\n\n<p>Ajout\u00e9es \u00e0 cela, les influences externes et la surcharge du calendrier international, calqu\u00e9 sur les int\u00e9r\u00eats europ\u00e9ens, contribuent \u00e0 rajouter au scepticisme ambiant &nbsp;quant \u00e0 la survie de la comp\u00e9tition la plus lucrative de la CAF, et donc \u00e9conomiquement vitale pour elle\u2026<\/p>\n\n\n\n<p>Depuis 2017, l\u2019Afrique du football a du mal \u00e0 maitriser son agenda. Les r\u00e9currents probl\u00e8mes de programmation de ses comp\u00e9titions font de la CAF une victime des dommages collat\u00e9raux dans la \u00abgu\u00e9guerre\u00bb entre l\u2019UEFA et la FIFA. En effet, l\u2019instance du football europ\u00e9en a contribu\u00e9 \u00e0 surcharger le calendrier international avec la cr\u00e9ation de la Ligue des nations qui se joue lors des dates FIFA.<\/p>\n\n\n\n<p>D\u2019o\u00f9 la raret\u00e9, voire l\u2019impossibilit\u00e9, pour une s\u00e9lection africaine, d\u2019avoir pour sparring-partner une \u00e9quipe europ\u00e9enne&nbsp;; sauf lorsque celles-ci se retrouvent dans une m\u00eame poule apr\u00e8s un tirage au sort d\u2019une Coupe du monde tous les quatre ans.<\/p>\n\n\n\n<p>Quant \u00e0 la FIFA, en plus de la Coupe du&nbsp;monde arabe, elle a aussi cr\u00e9\u00e9 la Coupe du monde des clubs. Pis, elle d\u00e9cide de faire jouer cette derni\u00e8re comp\u00e9tition du 15 juin au 13 juillet 2025&nbsp;; une p\u00e9riode initialement choisie par le Maroc pour abriter la CAN 2025. En fait, la d\u00e9pendance du Caire vis-\u00e0-vis de Zurich a permis \u00e0 la derni\u00e8re trouvaille des comp\u00e9titions de la FIFA de bousculer all\u00e8grement la CAN vieille de 67 ans.<\/p>\n\n\n\n<p>Or, Monsieur le Pr\u00e9sident, le basculement de la comp\u00e9tition&nbsp; phare africaine d\u2019une ann\u00e9e paire pour une ann\u00e9e impaire r\u00e9pond \u00e0 une logique et \u00e0 une revendication des joueurs africains qui arrivent souvent lessiv\u00e9s lorsque l\u2019organisation d\u2019une CAN, en ann\u00e9e paire, co\u00efncide avec l\u2019ann\u00e9e de la Coupe du monde.<\/p>\n\n\n\n<p>Fort de ce constat, pr\u00e9occup\u00e9e par les performances des \u00e9quipes africaines mais aussi et, surtout, soucieuse de la sant\u00e9 des footballeurs -disputer deux comp\u00e9titions majeures en une ann\u00e9e peut s\u2019av\u00e9rer \u00e9puisant pour les joueurs-, la CAF avait d\u00e9cid\u00e9 d\u2019organiser en 2013 sa premi\u00e8re CAN en ann\u00e9e impaire en Afrique du Sud.<\/p>\n\n\n\n<p>Ce changement avait le m\u00e9rite de r\u00e9gler la sempiternelle question de la participation des stars africaines \u00e0 la CAN&nbsp;; confront\u00e9es qu\u2019elles \u00e9taient \u00e0 un dilemme corn\u00e9lien entre r\u00e9pondre \u00e0 l\u2019appel de la nation et le risque de perdre une place acquise de haute lutte en club&nbsp;; voire de ne pas trouver un contrat avec un club employeur lors des CAN disput\u00e9es en janvier-f\u00e9vrier.<\/p>\n\n\n\n<p>Mais au-del\u00e0 de la p\u00e9riode, nous voulons \u00e9galement attirer votre attention sur la p\u00e9riodicit\u00e9 de la CAN. Organiser la comp\u00e9tition tous les deux ans, et non par olympiade, r\u00e9pond \u00e0 une politique savamment murie par vos illustres pr\u00e9d\u00e9cesseurs dont le Pr\u00e9sident Issa Hayatou. Cette logique a d\u2019ailleurs permis \u00e0 plusieurs pays de se doter d\u2019infrastructures sportives de classe et \u00e0 d\u2019autres de moderniser les leurs.<\/p>\n\n\n\n<p>Pour rappel, lors des qualifications \u00e0 la Coupe du monde \u00abQatar 2022\u00bb, plus de 23 pays africains ne disposaient pas de stades r\u00e9pondant aux normes internationales en mati\u00e8re de suret\u00e9 et de s\u00e9curit\u00e9 pour abriter des matches FIFA\/CAF. Les s\u00e9lections nationales des pays confront\u00e9es \u00e0 ces difficult\u00e9s \u00e9taient alors condamn\u00e9es \u00e0 l\u2019errance.<\/p>\n\n\n\n<p>Il est donc ais\u00e9 de comprendre, Monsieur le pr\u00e9sident, que la p\u00e9riode et la p\u00e9riodicit\u00e9 de la CAN ici invoqu\u00e9es semblent non n\u00e9gociables parce que contribuant au d\u00e9veloppement du football sur notre continent.<\/p>\n\n\n\n<p>Par cons\u00e9quent, il est du devoir des dirigeants de la CAF, en tant que personne morale, de d\u00e9fendre et de prot\u00e9ger les comp\u00e9titions africaines afin qu\u2019elles ne&nbsp;meurent pas de leur belle mort&nbsp;(la CAN f\u00e9minine a \u00e9t\u00e9 une nouvelle fois report\u00e9e. Quant au CHAN, il a, pour l\u2019instant, disparu\u2026.). Ce qui passe, entre autres, par une ma\u00eetrise de l\u2019agenda continental et donc la r\u00e9gularit\u00e9 des comp\u00e9titions de la CAF&nbsp;; la prise en compte affirm\u00e9e et affich\u00e9e desdites comp\u00e9titions dans le calendrier international qui n\u00e9cessite une refonte.<\/p>\n\n\n\n<p><strong>&nbsp;<\/strong>Au demeurant, il importe de d\u00e9construire l\u2019image de b\u00e9tail \u00e9lectoral abusivement coll\u00e9e \u00e0 l\u2019Afrique et la faire peser de son poids r\u00e9el de 54 voix (qu\u2019elle repr\u00e9sente) dans les d\u00e9bats et le dialogue avec la FIFA, en offrant des solutions constructives en vue d\u2019acc\u00e9l\u00e9rer une r\u00e9forme du calendrier international. Il est donc attendu des dirigeants de CAF de faire respecter le football africain qui regorge de tr\u00e8s grands joueurs, dirigeants et autorit\u00e9s.<\/p>\n\n\n\n<p>Nous voulons, \u00e0 ce propos, rappeler que de nombreuses personnalit\u00e9s publiques du continent parmi lesquelles des chefs d\u2019\u00c9tat, des dirigeants du football africain, des footballeurs en activit\u00e9 et\/ou \u00e0 la retraite,&nbsp; ainsi que diverses parties prenantes ont contribu\u00e9 \u00e0 remettre le sport roi africain sur les rails.<\/p>\n\n\n\n<p>Parmi ces chefs d\u2019\u00c9tat africains, nous pouvons citer F\u00e9lix Tshisekedi de la R\u00e9publique D\u00e9mocratique du Congo, alors pr\u00e9sident de l\u2019Union Africaine, Alassane Dramane Ouattara de la C\u00f4te d\u2019Ivoire, Julius Maada Bio de la Sierra Leone, Paul Kagame du Rwanda, George Weah et Macky Sall, ci-devant Pr\u00e9sidents respectivement du Liberia&nbsp;et du S\u00e9n\u00e9gal.<\/p>\n\n\n\n<p>Sans occulter le r\u00f4le central de l\u2019Union Africaine et ses engagements en faveur de la jeunesse, du d\u00e9veloppement du sport et du football en particulier.<\/p>\n\n\n\n<p>Monsieur le Pr\u00e9sident, vous vous revendiquez comme \u00e9tant un disciple de Nelson Mandela. Un homme multi-dimensionnel, respect\u00e9 et respectable. Un homme de refus. Alors, refusez, vous aussi, d\u2019\u00eatre un faire-valoir.<\/p>\n\n\n\n<p><strong>Vive le sport&nbsp;!<\/strong><\/p>\n\n\n\n<p><strong>Vive le football&nbsp;!<\/strong><\/p>\n\n\n\n<p><strong>Vive l\u2019Afrique&nbsp;!<\/strong><\/p>\n\n\n\n<p><strong>Pour le Comit\u00e9 Ex\u00e9cutif<\/strong><\/p>\n\n\n\n<p><strong>LE PR\u00c9SIDENT<\/strong><\/p>\n","protected":false},"excerpt":{"rendered":"<p>La coupe du monde des clubs de la Fifa a renvoy\u00e9 la Coupe d\u2019Afrique des nations (CAN), initialement pr\u00e9vue en<\/p>\n","protected":false},"author":1,"featured_media":38202,"comment_status":"open","ping_status":"open","sticky":false,"template":"","format":"standard","meta":{"footnotes":""},"categories":[9],"tags":[],"class_list":["post-38201","post","type-post","status-publish","format-standard","has-post-thumbnail","hentry","category-sports"],"_links":{"self":[{"href":"https:\/\/dekkbi.com\/index.php?rest_route=\/wp\/v2\/posts\/38201","targetHints":{"allow":["GET"]}}],"collection":[{"href":"https:\/\/dekkbi.com\/index.php?rest_route=\/wp\/v2\/posts"}],"about":[{"href":"https:\/\/dekkbi.com\/index.php?rest_route=\/wp\/v2\/types\/post"}],"author":[{"embeddable":true,"href":"https:\/\/dekkbi.com\/index.php?rest_route=\/wp\/v2\/users\/1"}],"replies":[{"embeddable":true,"href":"https:\/\/dekkbi.com\/index.php?rest_route=%2Fwp%2Fv2%2Fcomments&post=38201"}],"version-history":[{"count":1,"href":"https:\/\/dekkbi.com\/index.php?rest_route=\/wp\/v2\/posts\/38201\/revisions"}],"predecessor-version":[{"id":38203,"href":"https:\/\/dekkbi.com\/index.php?rest_route=\/wp\/v2\/posts\/38201\/revisions\/38203"}],"wp:featuredmedia":[{"embeddable":true,"href":"https:\/\/dekkbi.com\/index.php?rest_route=\/wp\/v2\/media\/38202"}],"wp:attachment":[{"href":"https:\/\/dekkbi.com\/index.php?rest_route=%2Fwp%2Fv2%2Fmedia&parent=38201"}],"wp:term":[{"taxonomy":"category","embeddable":true,"href":"https:\/\/dekkbi.com\/index.php?rest_route=%2Fwp%2Fv2%2Fcategories&post=38201"},{"taxonomy":"post_tag","embeddable":true,"href":"https:\/\/dekkbi.com\/index.php?rest_route=%2Fwp%2Fv2%2Ftags&post=38201"}],"curies":[{"name":"wp","href":"https:\/\/api.w.org\/{rel}","templated":true}]}}