{"id":38191,"date":"2024-07-09T11:26:56","date_gmt":"2024-07-09T11:26:56","guid":{"rendered":"https:\/\/dekkbi.com\/?p=38191"},"modified":"2024-07-09T11:31:26","modified_gmt":"2024-07-09T11:31:26","slug":"opinion-mouhamadou-ngouda-mboup-a-propos-du-chef-du-gouvernement-ousmane-sonko-est-le-premier-ministre-quil-nous-fallait","status":"publish","type":"post","link":"https:\/\/dekkbi.com\/?p=38191","title":{"rendered":"Opinion \u2013 Mouhamadou Ngouda Mboup \u00e0 propos du chef du gouvernement: \u00abOusmane Sonko est le Premier ministre qu\u2019il nous fallait !\u00bb"},"content":{"rendered":"\n<p><strong>Mouhamadou Ngouda Mboup s\u2019incline devant l\u2019\u00abing\u00e9niosit\u00e9\u00bb du Premier ministre, Ousmane Sonko, en disant que c\u2019est le \u00abPm qu\u2019il nous fallait\u00bb. Le juriste sent la touche du chef du gouvernement dans la question de la gestion des affaires \u00e9tatiques.<\/strong><\/p>\n\n\n\n<p><strong>Par Amadou MBODJI \u2013&nbsp;<\/strong>L\u2019unanimit\u00e9 n\u2019est pas de ce monde. Les nouveaux tenants du pouvoir devraient comprendre cela en int\u00e9grant l\u2019id\u00e9e que le Premier ministre, Ousmane Sonko, autant il sera&nbsp;critiqu\u00e9, autant il sera couvert d\u2019\u00e9loges.&nbsp; Ngouda Mboup prend la d\u00e9fense du chef du gouvernement et pense qu\u2019il a le profil de l\u2019emploi, au moment o\u00f9 d\u2019autres parmi ses concitoyens voient que le costume de Premier ministre est tr\u00e8s large sur ses \u00e9paules. \u00abOusmane Sonko est le Premier ministre qu\u2019il nous fallait !\u00bb, affirme l\u2019enseignant-chercheur \u00e0 l\u2019Universit\u00e9 Cheikh Anta Diop de Dakar (Ucad).<\/p>\n\n\n\n<p>Dans un post publi\u00e9 sur sa page Facebook en termes \u00ablaudatifs\u00bb, Mouhamadou Ngouda\u00a0 Mboup sent la touche du Premier ministre en\u00a0 d\u00e9crivant \u00abune approche administrative m\u00e9thodique, coh\u00e9rente et pragmatique concernant la gestion de l\u2019agenda l\u00e9gislatif et r\u00e9glementaire\u00bb. \u00abDans sa communication, le Premier ministre a engag\u00e9 les ministres, notamment le ministre Secr\u00e9taire g\u00e9n\u00e9ral du gouvernement, \u00e0 veiller \u00e0 la prise en charge satisfaisante de l\u2019agenda l\u00e9gislatif et r\u00e9glementaire comprenant, \u00e0 date, l\u2019\u00e9laboration de 83 projets de lois, 294 projets de d\u00e9crets et 110 projets d\u2019arr\u00eat\u00e9s\u00bb, souligne M. Mboup.\u00a0<\/p>\n\n\n\n<p>Rappelant \u00abla nouvelle doctrine en la mati\u00e8re consistant \u00e0 fixer comme pr\u00e9alable \u00e0 l\u2019examen d\u2019un projet de loi en Conseil des ministres, l\u2019\u00e9laboration des projets de d\u00e9crets et d\u2019arr\u00eat\u00e9s d\u2019application\u00bb. A cet effet, M. Mboup en appelle\u00a0 \u00abau bon fonctionnement des services juridiques dans les minist\u00e8res\u00bb en invitant \u00a0les ministres \u00e0 veiller \u00ab\u00e0 leur renforcement en ressources humaines et en \u00e9quipements\u00bb.\u00a0 Enseignant-chercheur \u00e0 l\u2019Ucad, Ngouda Mboup est le pr\u00e9sident de la Haute autorit\u00e9 de r\u00e9gulation du Parti (Harp) de Pastef. Un poste auquel l\u2019a nomm\u00e9 le pr\u00e9sident du parti Pastef, dans le cadre de la r\u00e9organisation de cette formation politique que Ousmane Sonko avait initi\u00e9e du temps o\u00f9 ils \u00e9taient dans l\u2019opposition.<\/p>\n\n\n\n<p><strong>ambodji@lequotidien.sn<\/strong><\/p>\n","protected":false},"excerpt":{"rendered":"<p>Mouhamadou Ngouda Mboup s\u2019incline devant l\u2019\u00abing\u00e9niosit\u00e9\u00bb du Premier ministre, Ousmane Sonko, en disant que c\u2019est le \u00abPm qu\u2019il nous fallait\u00bb.<\/p>\n","protected":false},"author":1,"featured_media":36806,"comment_status":"open","ping_status":"open","sticky":false,"template":"","format":"standard","meta":{"footnotes":""},"categories":[6],"tags":[],"class_list":["post-38191","post","type-post","status-publish","format-standard","has-post-thumbnail","hentry","category-politics"],"_links":{"self":[{"href":"https:\/\/dekkbi.com\/index.php?rest_route=\/wp\/v2\/posts\/38191","targetHints":{"allow":["GET"]}}],"collection":[{"href":"https:\/\/dekkbi.com\/index.php?rest_route=\/wp\/v2\/posts"}],"about":[{"href":"https:\/\/dekkbi.com\/index.php?rest_route=\/wp\/v2\/types\/post"}],"author":[{"embeddable":true,"href":"https:\/\/dekkbi.com\/index.php?rest_route=\/wp\/v2\/users\/1"}],"replies":[{"embeddable":true,"href":"https:\/\/dekkbi.com\/index.php?rest_route=%2Fwp%2Fv2%2Fcomments&post=38191"}],"version-history":[{"count":2,"href":"https:\/\/dekkbi.com\/index.php?rest_route=\/wp\/v2\/posts\/38191\/revisions"}],"predecessor-version":[{"id":38194,"href":"https:\/\/dekkbi.com\/index.php?rest_route=\/wp\/v2\/posts\/38191\/revisions\/38194"}],"wp:featuredmedia":[{"embeddable":true,"href":"https:\/\/dekkbi.com\/index.php?rest_route=\/wp\/v2\/media\/36806"}],"wp:attachment":[{"href":"https:\/\/dekkbi.com\/index.php?rest_route=%2Fwp%2Fv2%2Fmedia&parent=38191"}],"wp:term":[{"taxonomy":"category","embeddable":true,"href":"https:\/\/dekkbi.com\/index.php?rest_route=%2Fwp%2Fv2%2Fcategories&post=38191"},{"taxonomy":"post_tag","embeddable":true,"href":"https:\/\/dekkbi.com\/index.php?rest_route=%2Fwp%2Fv2%2Ftags&post=38191"}],"curies":[{"name":"wp","href":"https:\/\/api.w.org\/{rel}","templated":true}]}}