{"id":38178,"date":"2024-07-09T10:02:40","date_gmt":"2024-07-09T10:02:40","guid":{"rendered":"https:\/\/dekkbi.com\/?p=38178"},"modified":"2024-07-09T10:02:41","modified_gmt":"2024-07-09T10:02:41","slug":"saint-louis-demarrage-dune-formation-destinee-a-des-cadreurs-et-techniciens-des-medias","status":"publish","type":"post","link":"https:\/\/dekkbi.com\/?p=38178","title":{"rendered":"Saint-Louis: d\u00e9marrage d\u2019une formation destin\u00e9e \u00e0 des cadreurs et techniciens des m\u00e9dias"},"content":{"rendered":"\n<p>Saint-Louis, (APS) \u2013 Une session de formation d\u2019une dur\u00e9e de cinq jours a \u00e9t\u00e9 au profit de cadreurs et de techniciens des m\u00e9dias de la r\u00e9gion de Saint-Louis (nord), a constat\u00e9 l\u2019APS.<\/p>\n\n\n\n<p>Cette activit\u00e9 \u00e0 l\u2019initiative du R\u00e9seau des acteurs des m\u00e9dias entregents de Saint-Louis (RAMES), a \u00e9t\u00e9 financ\u00e9e par le Fonds de la formation professionnelle et technique (3FPT).<\/p>\n\n\n\n<p>\u201dAujourd\u2019hui,&nbsp; nous sommes avec les cam\u00e9raman et techniciens. Nous sommes l\u00e0 pour redonner des couleurs \u00e0 la presse de Saint-Louis\u2019\u2019, a d\u00e9clar\u00e9 le journaliste Gabriel Barbier, pr\u00e9sident du RAMES.<\/p>\n\n\n\n<p>Il a fait observer&nbsp; que cette formation est importante pour les jeunes \u00e9voluant dans le secteur des m\u00e9dias.<\/p>\n\n\n\n<p>M. Barbier intervenait \u00e0 l\u2019occasion de la c\u00e9r\u00e9monie de lancement de cette session de formation&nbsp; \u00e0 la salle de r\u00e9union du Conseil d\u00e9partemental de Saint-Louis.<\/p>\n\n\n\n<p>Venu prendre part \u00e0 cette c\u00e9r\u00e9monie, le coordonnateur du Forum civil de Saint-Louis, Lamine Tall a magnifi\u00e9 cette initiative en assurant que son organisation&nbsp; allait continuer \u00e0 accompagner le Rames dans la mise en \u0153uvre de ses activit\u00e9s.<\/p>\n\n\n\n<p>Le secr\u00e9taire g\u00e9n\u00e9ral du Conseil d\u00e9partemental de Saint-Louis, Hamath Dia, le responsable du P\u00f4le territoire nord du 3FPT, Pape Moussa Dia entre autres personnalit\u00e9s ont pris part \u00e0 la c\u00e9r\u00e9monie de lancement .<\/p>\n\n\n\n<p>Le Rames, structure cr\u00e9\u00e9e en octobre 2023 se veut une \u0153uvre collective au service de tous.<\/p>\n","protected":false},"excerpt":{"rendered":"<p>Saint-Louis, (APS) \u2013 Une session de formation d\u2019une dur\u00e9e de cinq jours a \u00e9t\u00e9 au profit de cadreurs et de<\/p>\n","protected":false},"author":1,"featured_media":38179,"comment_status":"open","ping_status":"open","sticky":false,"template":"","format":"standard","meta":{"footnotes":""},"categories":[21],"tags":[],"class_list":["post-38178","post","type-post","status-publish","format-standard","has-post-thumbnail","hentry","category-societe"],"_links":{"self":[{"href":"https:\/\/dekkbi.com\/index.php?rest_route=\/wp\/v2\/posts\/38178","targetHints":{"allow":["GET"]}}],"collection":[{"href":"https:\/\/dekkbi.com\/index.php?rest_route=\/wp\/v2\/posts"}],"about":[{"href":"https:\/\/dekkbi.com\/index.php?rest_route=\/wp\/v2\/types\/post"}],"author":[{"embeddable":true,"href":"https:\/\/dekkbi.com\/index.php?rest_route=\/wp\/v2\/users\/1"}],"replies":[{"embeddable":true,"href":"https:\/\/dekkbi.com\/index.php?rest_route=%2Fwp%2Fv2%2Fcomments&post=38178"}],"version-history":[{"count":1,"href":"https:\/\/dekkbi.com\/index.php?rest_route=\/wp\/v2\/posts\/38178\/revisions"}],"predecessor-version":[{"id":38180,"href":"https:\/\/dekkbi.com\/index.php?rest_route=\/wp\/v2\/posts\/38178\/revisions\/38180"}],"wp:featuredmedia":[{"embeddable":true,"href":"https:\/\/dekkbi.com\/index.php?rest_route=\/wp\/v2\/media\/38179"}],"wp:attachment":[{"href":"https:\/\/dekkbi.com\/index.php?rest_route=%2Fwp%2Fv2%2Fmedia&parent=38178"}],"wp:term":[{"taxonomy":"category","embeddable":true,"href":"https:\/\/dekkbi.com\/index.php?rest_route=%2Fwp%2Fv2%2Fcategories&post=38178"},{"taxonomy":"post_tag","embeddable":true,"href":"https:\/\/dekkbi.com\/index.php?rest_route=%2Fwp%2Fv2%2Ftags&post=38178"}],"curies":[{"name":"wp","href":"https:\/\/api.w.org\/{rel}","templated":true}]}}