{"id":38167,"date":"2024-07-08T14:47:11","date_gmt":"2024-07-08T14:47:11","guid":{"rendered":"https:\/\/dekkbi.com\/?p=38167"},"modified":"2024-07-08T14:47:12","modified_gmt":"2024-07-08T14:47:12","slug":"legislatives-en-france-en-europe-entre-soulagement-de-dirigeants-et-indifference-affichee","status":"publish","type":"post","link":"https:\/\/dekkbi.com\/?p=38167","title":{"rendered":"L\u00e9gislatives en France: en Europe, entre soulagement de dirigeants et indiff\u00e9rence affich\u00e9e"},"content":{"rendered":"\n<p>Plusieurs repr\u00e9sentants de partis de gauche et dirigeants europ\u00e9ens ont salu\u00e9 les r\u00e9sultats des \u00e9lections l\u00e9gislatives en France du 7 juillet 2024. Le Nouveau Front Populaire (NVP), l&rsquo;alliance des partis de gauche, est sortie en t\u00eate, devant le camp pr\u00e9sidentiel et l&rsquo;extr\u00eame droite.<\/p>\n\n\n\n<p>C&rsquo;est sur X (anciennement Twitter), que\u00a0<strong>Donald Tusk<\/strong>, Premier ministre de Pologne, a pris la parole \u00e0 l&rsquo;issue du second tour des\u00a0<strong>\u00e9lections l\u00e9gislatives<\/strong>\u00a0qui s&rsquo;est d\u00e9roul\u00e9 en France. Il a fait part de sa satisfaction apr\u00e8s la publication des premi\u00e8res estimations qui ont \u00e9loign\u00e9 le Rassemblement national de la majorit\u00e9 absolue ou relative esp\u00e9r\u00e9e par le parti arriv\u00e9 en troisi\u00e8me position.<\/p>\n\n\n\n<p>\u00ab\u00a0<em>\u00c0 Paris l&rsquo;enthousiasme, \u00e0 Moscou la d\u00e9ception, \u00e0 Kiev le soulagement. De quoi \u00eatre heureux \u00e0 Varsovie\u00a0<\/em>\u00bb, a-t-il d\u00e9clar\u00e9 sur le r\u00e9seau social.<\/p>\n\n\n\n<p>Au d\u00e9but du mois, Donald Tusk avait mis en garde contre un \u00ab&nbsp;<em>grand danger<\/em>&nbsp;\u00bb pour la France et l&rsquo;Europe apr\u00e8s la victoire de l&rsquo;extr\u00eame droite au premier tour des \u00e9lections fran\u00e7aises. L&rsquo;ancien chef du Conseil europ\u00e9en avait \u00e9voqu\u00e9 une \u00ab&nbsp;<em>tendance dangereuse<\/em>&nbsp;\u00bb et sa crainte que \u00ab&nbsp;<em>la France puisse devenir bient\u00f4t l&rsquo;homme malade de l&rsquo;Europe, condamn\u00e9e \u00e0 une confrontation entre les forces radicales.<\/em>&nbsp;\u00bb<\/p>\n\n\n\n<h2 class=\"wp-block-heading\">\u00ab&nbsp;<em>Le pire est \u00e9vit\u00e9<\/em>&nbsp;\u00bb<\/h2>\n\n\n\n<p>M\u00eame son de cloche pour le Premier ministre espagnol\u00a0<strong>Pedro Sanchez<\/strong>. Il fait un parall\u00e8le entre les \u00e9lections l\u00e9gislatives britanniques et fran\u00e7aises. \u00ab<em>\u00a0Cette semaine, deux des plus grands pays d&rsquo;Europe ont choisi la m\u00eame voie que l&rsquo;Espagne il y a un an : le rejet de l&rsquo;extr\u00eame droite et un engagement d\u00e9cisif en faveur d&rsquo;une gauche sociale qui aborde les probl\u00e8mes des citoyens avec des politiques s\u00e9rieuses et courageuses\u00a0<\/em>\u00bb, a-t-il d\u00e9clar\u00e9.<\/p>\n\n\n\n<p>Pour afficher ce contenu X (Twitter), il est n\u00e9cessaire d&rsquo;autoriser les cookies de mesure d&rsquo;audience et de publicit\u00e9.AccepterG\u00e9rer mes choix<\/p>\n\n\n\n<h2 class=\"wp-block-heading\">Un \u00ab<em>certain soulagement<\/em>\u00a0\u00bb en Allemagne\u00a0<\/h2>\n\n\n\n<p>En Allemagne, c&rsquo;est le soulagement qui est exprim\u00e9. Le gouvernement du chancelier Olaf Scholz \u00e9tait \u00ab&nbsp;<em>quelque peu soulag\u00e9 de ce qui ne s&rsquo;est pas produit<\/em>&nbsp;\u00bb, a d\u00e9clar\u00e9 \u00e0 la presse le porte-parole du gouvernement allemand, Steffen Hebestreit, \u00e0 Berlin, faisant r\u00e9f\u00e9rence \u00e0 la troisi\u00e8me place surprise du RN alors qu&rsquo;il \u00e9tait cens\u00e9 remporter le plus grand nombre de si\u00e8ges au Parlement.<\/p>\n\n\n\n<p>Un responsable du parti social-d\u00e9mocrate du chancelier allemand\u00a0<strong>Olaf Scholz<\/strong>\u00a0a jug\u00e9 dimanche que \u00ab\u00a0<em>le pire<\/em>\u00a0\u00bb avait \u00e9t\u00e9 \u00ab\u00a0<em>\u00e9vit\u00e9<\/em>\u00a0\u00bb avec le score inf\u00e9rieur aux pronostics de l&rsquo;extr\u00eame droite aux \u00e9lections fran\u00e7aises, dont Emmanuel Macron ressort \u00e0 ses yeux \u00ab\u00a0<em>politiquement affaiblis<\/em>\u00a0\u00bb.<\/p>\n\n\n\n<p>\u00ab&nbsp;<em>Le pire est \u00e9vit\u00e9, le RN (Rassemblement national) ne peut pas constituer une majorit\u00e9 gouvernementale<\/em>&nbsp;\u00bb \u00e0 l&rsquo;issue des l\u00e9gislatives, a d\u00e9clar\u00e9 au groupe de presse Funke le responsable des questions de politique \u00e9trang\u00e8re du groupe parlementaire des sociaux-d\u00e9mocrates du SPD \u00e0 la chambre des d\u00e9put\u00e9s, Nils Schmid.<\/p>\n\n\n\n<p>En Gr\u00e8ce, le chef de file du parti de gauche grec Syriza Stefanos Kasselakis s&rsquo;est r\u00e9joui sur Facebook : \u00ab<em>&nbsp;Aujourd&rsquo;hui, le peuple fran\u00e7ais a montr\u00e9 la voie&nbsp;<\/em>\u00bb, a-t-il. \u00ab<em>&nbsp;Il s&rsquo;est dress\u00e9 contre le monstre de l&rsquo;extr\u00eame droite et a discr\u00e9dit\u00e9 le n\u00e9olib\u00e9ralisme [&#8230;]. Aujourd&rsquo;hui, le peuple fran\u00e7ais crie que l&rsquo;espoir et le changement ne sont pas une utopie, mais une r\u00e9alit\u00e9. \u00c9coutons-les.<\/em>&nbsp;\u00bb Nikos Androulakis, le pr\u00e9sident du mouvement socialiste grec, Pasok : \u00ab<em>&nbsp;Une grande victoire pour la France et l&rsquo;Europe. Une grande victoire pour la d\u00e9mocratie<\/em>&nbsp;[&#8230;]&nbsp;<em>Le peuple fran\u00e7ais a dress\u00e9 un mur contre l&rsquo;extr\u00eame droite, le racisme et l&rsquo;intol\u00e9rance et a d\u00e9fendu les principes intemporels de la R\u00e9publique fran\u00e7aise : Libert\u00e9, \u00c9galit\u00e9 et Fraternit\u00e9<\/em>&nbsp;\u00bb.<\/p>\n\n\n\n<h2 class=\"wp-block-heading\">Silence du c\u00f4t\u00e9 des partis au pouvoir en Italie<\/h2>\n\n\n\n<p>En Italie, les leaders de l\u2019opposition de centre gauche exultent ; la secr\u00e9taire du Parti d\u00e9mocrate (PD, principal parti d&rsquo;opposition) Elly Schlein a salu\u00e9 un \u00ab&nbsp;<em>r\u00e9sultat extraordinaire pour la gauche unie,&nbsp;qui montre que la droite peut \u00eatre battue, et une belle riposte gr\u00e2ce \u00e0 la participation \u00bb<\/em>.&nbsp;Le leader du Mouvement 5 \u00e9toiles, Giuseppe Conte a d\u00e9clar\u00e9 un peu plus tard. \u00ab&nbsp;<em>Les r\u00e9sultats des l\u00e9gislatives et la mobilisation des \u00e9lecteurs sont un signe d\u2019\u00e9lan d\u00e9mocratique pour toute l\u2019Europe<\/em>&nbsp;\u00bb.<\/p>\n\n\n\n<p>Du c\u00f4t\u00e9 de la majorit\u00e9 d\u2019extr\u00eame droite, la pr\u00e9sidente du Conseil, Giorgia Meloni cheffe de&nbsp;<em>Fratelli d&rsquo;Italia<\/em>&nbsp;qui avait compliment\u00e9 le Rassemblement National pour son succ\u00e8s au 1\u1d49\u02b3 tour, s\u2019est abstenue de tout commentaire, jusqu\u2019\u00e0 pr\u00e9sent. Mais son alli\u00e9 et patron de la Ligue, Matteo Salvini, a \u00e9crit un long message sur X. \u00ab&nbsp;<em>Apr\u00e8s l\u2019euphorie des communistes, des pro- islamistes, des antis\u00e9mites et des voyous dans les rues ; en France, c\u2019est le chaos. Macron ne pourra pas gouverner. Le barrage anti Rassemblement National n\u2019a pas entam\u00e9 la sympathie pour Marine Le Pen et Jordan Bardella \u00e0 qui j\u2019envoie un gros c\u00e2lin.&nbsp;<\/em>\u00bb Et d\u2019ajouter \u00ab&nbsp;<em>Ce lundi apr\u00e8s- midi, le grand groupe des Patriotes va na\u00eetre avec la Ligue, \u00e0 Bruxelles, pour changer cette Europe<\/em>&nbsp;\u00bb.<\/p>\n\n\n\n<h2 class=\"wp-block-heading\">Le Kremlin sans \u00ab&nbsp;<em>espoir ni illusion particuli\u00e8re&nbsp;<\/em>\u00bb apr\u00e8s les l\u00e9gislatives en France<\/h2>\n\n\n\n<p>Le Kremlin a affirm\u00e9 lundi n&rsquo;avoir ni \u00ab&nbsp;<em>l&rsquo;espoir<\/em>&nbsp;\u00bb ni \u00ab&nbsp;<em>l&rsquo;illusion&nbsp;<\/em>\u00bb d&rsquo;une am\u00e9lioration des relations entre Paris et Moscou, particuli\u00e8rement tendues par le conflit ukrainien, au vu des r\u00e9sultats des \u00e9lections l\u00e9gislatives anticip\u00e9es en France. \u00ab&nbsp;<em>Pour la Russie, le mieux serait une victoire des forces politiques pr\u00eates \u00e0 faire des efforts pour restaurer nos relations bilat\u00e9rales. Mais pour l&rsquo;instant, nous ne voyons chez personne une telle volont\u00e9 politique clairement exprim\u00e9e, donc nous ne nourrissons pas d&rsquo;espoir ni d&rsquo;illusion particuli\u00e8re \u00e0 ce sujet<\/em>&nbsp;\u00bb, a d\u00e9clar\u00e9 \u00e0 la presse le porte-parole de la pr\u00e9sidence russe, Dmitri Peskov.<\/p>\n\n\n\n<p>Le pr\u00e9sident de la Douma (chambre basse du Parlement), Viatcheslav Volodine, s&rsquo;est lui f\u00e9licit\u00e9 que les Fran\u00e7ais aient \u00ab&nbsp;<em>montr\u00e9 la porte \u00e0 (Emmanuel) Macron<\/em>&nbsp;\u00bb. \u00ab&nbsp;<em>Le m\u00eame sort attend tous les dirigeants europ\u00e9ens actuellement au pouvoir, qui se m\u00ealent des questions souveraines d&rsquo;autres \u00c9tats, alors que leurs citoyens exigent qu&rsquo;ils r\u00e9solvent les probl\u00e8mes int\u00e9rieurs et d\u00e9veloppent l&rsquo;\u00e9conomie nationale \u00bb<\/em>, a-t-il affirm\u00e9 sur sa cha\u00eene Telegram.<\/p>\n\n\n\n<p>Sergue\u00ef Lavrov avait critiqu\u00e9 entre les deux tours les nombreux d\u00e9sistements qui r\u00e9duisaient les chances du RN d&rsquo;obtenir une majorit\u00e9, rapporte l&rsquo;Agence France presse. \u00ab\u00a0<em>Le second tour semble avoir \u00e9t\u00e9 con\u00e7u pr\u00e9cis\u00e9ment pour manipuler la volont\u00e9 exprim\u00e9e par les \u00e9lecteurs au premier tour (&#8230;) cela ne ressemble pas vraiment \u00e0 une d\u00e9mocratie\u00a0<\/em>\u00bb, avait d\u00e9clar\u00e9 Sergue\u00ef Lavrov au micro du journaliste proche du Kremlin Pavel Zaroubine.<\/p>\n\n\n\n<p>SOURCE RFI<\/p>\n","protected":false},"excerpt":{"rendered":"<p>Plusieurs repr\u00e9sentants de partis de gauche et dirigeants europ\u00e9ens ont salu\u00e9 les r\u00e9sultats des \u00e9lections l\u00e9gislatives en France du 7<\/p>\n","protected":false},"author":1,"featured_media":38168,"comment_status":"open","ping_status":"open","sticky":false,"template":"","format":"standard","meta":{"footnotes":""},"categories":[51],"tags":[],"class_list":["post-38167","post","type-post","status-publish","format-standard","has-post-thumbnail","hentry","category-general"],"_links":{"self":[{"href":"https:\/\/dekkbi.com\/index.php?rest_route=\/wp\/v2\/posts\/38167","targetHints":{"allow":["GET"]}}],"collection":[{"href":"https:\/\/dekkbi.com\/index.php?rest_route=\/wp\/v2\/posts"}],"about":[{"href":"https:\/\/dekkbi.com\/index.php?rest_route=\/wp\/v2\/types\/post"}],"author":[{"embeddable":true,"href":"https:\/\/dekkbi.com\/index.php?rest_route=\/wp\/v2\/users\/1"}],"replies":[{"embeddable":true,"href":"https:\/\/dekkbi.com\/index.php?rest_route=%2Fwp%2Fv2%2Fcomments&post=38167"}],"version-history":[{"count":1,"href":"https:\/\/dekkbi.com\/index.php?rest_route=\/wp\/v2\/posts\/38167\/revisions"}],"predecessor-version":[{"id":38169,"href":"https:\/\/dekkbi.com\/index.php?rest_route=\/wp\/v2\/posts\/38167\/revisions\/38169"}],"wp:featuredmedia":[{"embeddable":true,"href":"https:\/\/dekkbi.com\/index.php?rest_route=\/wp\/v2\/media\/38168"}],"wp:attachment":[{"href":"https:\/\/dekkbi.com\/index.php?rest_route=%2Fwp%2Fv2%2Fmedia&parent=38167"}],"wp:term":[{"taxonomy":"category","embeddable":true,"href":"https:\/\/dekkbi.com\/index.php?rest_route=%2Fwp%2Fv2%2Fcategories&post=38167"},{"taxonomy":"post_tag","embeddable":true,"href":"https:\/\/dekkbi.com\/index.php?rest_route=%2Fwp%2Fv2%2Ftags&post=38167"}],"curies":[{"name":"wp","href":"https:\/\/api.w.org\/{rel}","templated":true}]}}