{"id":38164,"date":"2024-07-08T14:41:27","date_gmt":"2024-07-08T14:41:27","guid":{"rendered":"https:\/\/dekkbi.com\/?p=38164"},"modified":"2024-07-08T14:41:27","modified_gmt":"2024-07-08T14:41:27","slug":"cedeao-retrait-du-burkina-du-mali-et-du-niger-le-pire-des-scenarios-selon-bassirou-diomaye-faye","status":"publish","type":"post","link":"https:\/\/dekkbi.com\/?p=38164","title":{"rendered":"Cedeao\u00a0: retrait du Burkina, du Mali et du Niger, \u2019\u2019le pire des sc\u00e9narios\u2019\u2019, selon Bassirou Diomaye Faye"},"content":{"rendered":"\n<p>Dakar, 7 juil (APS) \u2013 Le pr\u00e9sident du S\u00e9n\u00e9gal, Bassirou Diomaye Faye, a insist\u00e9 dimanche \u00e0 Abuja sur l\u2019imp\u00e9ratif d\u2019\u00e9viter un retrait du Burkina Faso, du Mali et du Niger de la Cedeao, estimant que la sortie de ces \u201dtrois pays fr\u00e8res\u201d serait le \u201d\u2019pire des sc\u00e9narios et une grande blessure au panafricanisme\u201d.<\/p>\n\n\n\n<p>\u2018\u2019Nous devons tout faire pour \u00e9viter le retrait des trois pays fr\u00e8res de la Cedeao. Ce serait le pire des sc\u00e9narios et une grande blessure au panafricanisme que les p\u00e8res fondateurs nous ont l\u00e9gu\u00e9 et que nous avons la responsabilit\u00e9 historique de sauvegarder et de transmettre aux g\u00e9n\u00e9rations futures\u2019\u2019, a-t-il notamment d\u00e9clar\u00e9.<\/p>\n\n\n\n<p>Le chef de l\u2019Etat s\u00e9n\u00e9galais intervenait au 65e Sommet ordinaire des chefs d\u2019Etat et de gouvernement de la Communaut\u00e9 \u00e9conomique des Etats de l\u2019Afrique de l\u2019ouest.<\/p>\n\n\n\n<p>La rencontre au sommet, organis\u00e9e dans la capitale politique du Nigeria, s\u2019est tenue au lendemain de l\u2019annonce de la constitution d\u2019une conf\u00e9d\u00e9ration d\u00e9nomm\u00e9e Alliance des Etats du Sahel (AES) et regroupant le Burkina Faso, le Mali et le Niger.<\/p>\n\n\n\n<p>Les chefs d\u2019Etat de ces trois pays, Ibrahim Traor\u00e9, Assimi Go\u00efta et Abdourahaman Tiani, r\u00e9unis en sommet la veille dans la capitale du Niger, ont ent\u00e9rin\u00e9 le trait\u00e9 mat\u00e9rialisant l\u2019av\u00e8nement de cette conf\u00e9d\u00e9ration tout en r\u00e9it\u00e9rant leur d\u00e9cision irr\u00e9vocable de se retirer de la Cedeao.<\/p>\n\n\n\n<p>\u2018\u2019Il me semble n\u00e9cessaire d\u2019engager les r\u00e9formes idoines pour adapter la Cedeao &nbsp;aux r\u00e9alit\u00e9s de son temps et consolider notre marche collective vers nos objectifs communs\u2019\u2019, a affirm\u00e9 Bassirou Diomaye Faye dans son allocution dont l\u2019APS a re\u00e7u copie.<\/p>\n\n\n\n<p>Il a, dans le m\u00eame temps, assur\u00e9 ses coll\u00e8gues du soutien du S\u00e9n\u00e9gal \u00e0 la r\u00e9vision du Protocole additionnel sur la d\u00e9mocratie et la bonne gouvernance, en estimant que son adaptation allait contribuer \u00e0 la sauvegarde des id\u00e9aux d\u00e9mocratiques qui font sa raison d\u2019\u00eatre.<\/p>\n\n\n\n<p>AKS\/ASG<\/p>\n","protected":false},"excerpt":{"rendered":"<p>Dakar, 7 juil (APS) \u2013 Le pr\u00e9sident du S\u00e9n\u00e9gal, Bassirou Diomaye Faye, a insist\u00e9 dimanche \u00e0 Abuja sur l\u2019imp\u00e9ratif d\u2019\u00e9viter<\/p>\n","protected":false},"author":1,"featured_media":38165,"comment_status":"open","ping_status":"open","sticky":false,"template":"","format":"standard","meta":{"footnotes":""},"categories":[6],"tags":[],"class_list":["post-38164","post","type-post","status-publish","format-standard","has-post-thumbnail","hentry","category-politics"],"_links":{"self":[{"href":"https:\/\/dekkbi.com\/index.php?rest_route=\/wp\/v2\/posts\/38164","targetHints":{"allow":["GET"]}}],"collection":[{"href":"https:\/\/dekkbi.com\/index.php?rest_route=\/wp\/v2\/posts"}],"about":[{"href":"https:\/\/dekkbi.com\/index.php?rest_route=\/wp\/v2\/types\/post"}],"author":[{"embeddable":true,"href":"https:\/\/dekkbi.com\/index.php?rest_route=\/wp\/v2\/users\/1"}],"replies":[{"embeddable":true,"href":"https:\/\/dekkbi.com\/index.php?rest_route=%2Fwp%2Fv2%2Fcomments&post=38164"}],"version-history":[{"count":1,"href":"https:\/\/dekkbi.com\/index.php?rest_route=\/wp\/v2\/posts\/38164\/revisions"}],"predecessor-version":[{"id":38166,"href":"https:\/\/dekkbi.com\/index.php?rest_route=\/wp\/v2\/posts\/38164\/revisions\/38166"}],"wp:featuredmedia":[{"embeddable":true,"href":"https:\/\/dekkbi.com\/index.php?rest_route=\/wp\/v2\/media\/38165"}],"wp:attachment":[{"href":"https:\/\/dekkbi.com\/index.php?rest_route=%2Fwp%2Fv2%2Fmedia&parent=38164"}],"wp:term":[{"taxonomy":"category","embeddable":true,"href":"https:\/\/dekkbi.com\/index.php?rest_route=%2Fwp%2Fv2%2Fcategories&post=38164"},{"taxonomy":"post_tag","embeddable":true,"href":"https:\/\/dekkbi.com\/index.php?rest_route=%2Fwp%2Fv2%2Ftags&post=38164"}],"curies":[{"name":"wp","href":"https:\/\/api.w.org\/{rel}","templated":true}]}}