{"id":38151,"date":"2024-07-08T13:32:29","date_gmt":"2024-07-08T13:32:29","guid":{"rendered":"https:\/\/dekkbi.com\/?p=38151"},"modified":"2024-07-08T13:32:30","modified_gmt":"2024-07-08T13:32:30","slug":"le-mali-le-niger-et-le-burkina-creent-une-confederation-treillis-dunion-contre-la-cedeao","status":"publish","type":"post","link":"https:\/\/dekkbi.com\/?p=38151","title":{"rendered":"Le Mali, le Niger et le Burkina cr\u00e9ent une conf\u00e9d\u00e9ration : Treillis d\u2019union contre la Cedeao"},"content":{"rendered":"\n<p><strong>Pour essayer de ramener les militaires au pouvoir \u00e0 Niamey, Ouaga et Bamako en son sein, la Cedeao a d\u00e9sign\u00e9 le Pr\u00e9sident Faye comme m\u00e9diateur.<\/strong><\/p>\n\n\n\n<p><strong>Par Dieynaba KANE \u2013&nbsp;<\/strong>Apr\u00e8s la cr\u00e9ation de la Conf\u00e9d\u00e9ration de l\u2019Alliance des Etats du Sahel, la Cedeao tente encore de retenir dans ses rangs le Mali, le Burkina et le Niger. Les trois pays dirig\u00e9s par des putschistes semblent avoir pris l\u2019option d\u2019une rupture d\u00e9finitive. Face \u00e0 cette situation, qui porte les germes d\u2019une d\u00e9sint\u00e9gration r\u00e9gionale in\u00e9dite, la Cedeao a engag\u00e9 Bassirou Diomaye Faye et le Togolais Faure Gnassingb\u00e9 \u00e0 dialoguer avec les trois militaires au pouvoir. Le Pr\u00e9sident s\u00e9n\u00e9galais, qui s\u2019est rendu \u00e0 Bamako et \u00e0 Ouagadougou, pourrait parler \u00e0 Go\u00efta, Tiani et Traor\u00e9 pour les pousser \u00e0 revenir \u00e0 de meilleurs sentiments. Sa posture souverainiste lui offre une certaine l\u00e9gitimit\u00e9 pour jouer un r\u00f4le de&nbsp;m\u00e9diateur&nbsp;entre l\u2019Aes et la&nbsp;C\u00e9d\u00e9ao&nbsp;? Est-ce que ce sera suffisant aux yeux de ces militaires&nbsp;?<\/p>\n\n\n\n<p>Dans son discours, il a r\u00e9it\u00e9r\u00e9 l\u2019ancrage du S\u00e9n\u00e9gal dans la Cedeao, en tant \u00abque membre fondateur et au regard des relations d\u2019amiti\u00e9 fraternelle et de coop\u00e9ration conviviale que (son) pays a toujours entretenues avec tous les membres de notre organisation depuis l\u2019\u00e9poque des p\u00e8res fondateurs\u00bb. Pour lui, il est imp\u00e9ratif de poursuivre les \u00abretrouvailles de toute la famille afin de consacrer toutes nos forces et nos ressources aux projets et initiatives communautaires qui nous rassemblent\u00bb. Que faire pour y parvenir&nbsp;? \u00abNous devrons sans doute d\u00e9barrasser la Cedeao des clich\u00e9s et st\u00e9r\u00e9otypes qui la r\u00e9duisent \u00e0 la posture d\u2019une organisation soumise aux influences de puissances ext\u00e9rieures et distante des populations qu\u2019elle a la responsabilit\u00e9 historique de servir, conform\u00e9ment \u00e0 son Acte constitutif. Nous devons tout faire pour \u00e9viter le retrait des trois pays fr\u00e8res de la Cedeao. Ce serait le pire des sc\u00e9narios et une grande blessure au panafricanisme que les p\u00e8res fondateurs nous ont l\u00e9gu\u00e9 et que nous avons la responsabilit\u00e9 historique de sauvegarder et de transmettre aux g\u00e9n\u00e9rations futures\u00bb, ajoute le Pr\u00e9sident Faye.<\/p>\n\n\n\n<p>Il poursuit&nbsp;: \u00abIl me semble \u00e9galement n\u00e9cessaire d\u2019engager les r\u00e9formes idoines pour adapter la Cedeao aux r\u00e9alit\u00e9s de son temps et consolider notre marche collective vers nos objectifs communs. A cet effet, le S\u00e9n\u00e9gal soutient la r\u00e9vision du Protocole additionnel sur la d\u00e9mocratie et la bonne gouvernance dont l\u2019adaptation contribuera \u00e0 la sauvegarde des id\u00e9aux d\u00e9mocratiques qui sont sa raison d\u2019\u00eatre. Il en est de m\u00eame pour la Cour de justice communautaire dont les d\u00e9cisions m\u00e9ritent le respect de toutes les parties, y compris les Etats membres. Cela n\u00e9cessite au pr\u00e9alable une garantie de son ind\u00e9pendance et de son impartialit\u00e9. Il me parait tout aussi important de renforcer nos cadres pr\u00e9ventifs des conflits en mettant l\u2019accent sur la concertation et le dialogue en temps de paix. Cela contribuerait \u00e0 amoindrir davantage les risques de crise et d\u2019avoir plus de capacit\u00e9s de gestion en cas d\u2019apparition.\u00bb<\/p>\n\n\n\n<p>En tout cas, la sortie du Mali, du Burkina et du Niger pourrait provoquer des cons\u00e9quences dans plusieurs secteurs, notamment la restriction de la circulation des personnes et des biens, la fermeture de certains corridors.<br>Il faut savoir que le 65\u1d49 Sommet de la Cedeao s\u2019est tenu hier \u00e0 Abuja au lendemain de celui de l\u2019Alliance des Etats du Sahel (Aes) qui a d\u00e9bouch\u00e9 sur la cr\u00e9ation d\u2019une Conf\u00e9d\u00e9ration Burkina, Mali et Niger.<br><strong>dkane@lequotidien.sn<\/strong><\/p>\n","protected":false},"excerpt":{"rendered":"<p>Pour essayer de ramener les militaires au pouvoir \u00e0 Niamey, Ouaga et Bamako en son sein, la Cedeao a d\u00e9sign\u00e9<\/p>\n","protected":false},"author":1,"featured_media":38152,"comment_status":"open","ping_status":"open","sticky":false,"template":"","format":"standard","meta":{"footnotes":""},"categories":[6],"tags":[],"class_list":["post-38151","post","type-post","status-publish","format-standard","has-post-thumbnail","hentry","category-politics"],"_links":{"self":[{"href":"https:\/\/dekkbi.com\/index.php?rest_route=\/wp\/v2\/posts\/38151","targetHints":{"allow":["GET"]}}],"collection":[{"href":"https:\/\/dekkbi.com\/index.php?rest_route=\/wp\/v2\/posts"}],"about":[{"href":"https:\/\/dekkbi.com\/index.php?rest_route=\/wp\/v2\/types\/post"}],"author":[{"embeddable":true,"href":"https:\/\/dekkbi.com\/index.php?rest_route=\/wp\/v2\/users\/1"}],"replies":[{"embeddable":true,"href":"https:\/\/dekkbi.com\/index.php?rest_route=%2Fwp%2Fv2%2Fcomments&post=38151"}],"version-history":[{"count":1,"href":"https:\/\/dekkbi.com\/index.php?rest_route=\/wp\/v2\/posts\/38151\/revisions"}],"predecessor-version":[{"id":38153,"href":"https:\/\/dekkbi.com\/index.php?rest_route=\/wp\/v2\/posts\/38151\/revisions\/38153"}],"wp:featuredmedia":[{"embeddable":true,"href":"https:\/\/dekkbi.com\/index.php?rest_route=\/wp\/v2\/media\/38152"}],"wp:attachment":[{"href":"https:\/\/dekkbi.com\/index.php?rest_route=%2Fwp%2Fv2%2Fmedia&parent=38151"}],"wp:term":[{"taxonomy":"category","embeddable":true,"href":"https:\/\/dekkbi.com\/index.php?rest_route=%2Fwp%2Fv2%2Fcategories&post=38151"},{"taxonomy":"post_tag","embeddable":true,"href":"https:\/\/dekkbi.com\/index.php?rest_route=%2Fwp%2Fv2%2Ftags&post=38151"}],"curies":[{"name":"wp","href":"https:\/\/api.w.org\/{rel}","templated":true}]}}