{"id":38103,"date":"2024-07-07T12:58:34","date_gmt":"2024-07-07T12:58:34","guid":{"rendered":"https:\/\/dekkbi.com\/?p=38103"},"modified":"2024-07-07T12:58:35","modified_gmt":"2024-07-07T12:58:35","slug":"fonds-covid-plainte-pour-diffamation-contre-lancienne-pm-aminata-toure","status":"publish","type":"post","link":"https:\/\/dekkbi.com\/?p=38103","title":{"rendered":"Fonds Covid: Plainte pour diffamation contre l&rsquo;ancienne PM Aminata Tour\u00e9"},"content":{"rendered":"\n<p>L&rsquo;ancienne PM, Aminata Tour\u00e9 est train\u00e9e en justice  pour diffamation par l&rsquo;ancien ministre, Mansour Faye, dans l&rsquo;affaire des Fonds Covid-19. Le face \u00e0 face devant le juge est pr\u00e9vu pour le 27 juillet 2024. <\/p>\n\n\n\n<p>Sur sa page Facebook, Mimi Tour\u00e9 se dit victime de la famille Faye, belle-famille de l&rsquo;ancien chef de l&rsquo;Etat, Macky Sall. <\/p>\n\n\n\n<p> Dakaractu vous livre en int\u00e9gralit\u00e9 le message de Aminata Tour\u00e9.   \u00a0\u00bb Je fais l\u2019objet d\u2019une plainte de Mansour Faye, ancien ministre et actuel beau-fr\u00e8re de Macky Sall. Mansour Faye m\u2019accuse de l\u2019avoir diffam\u00e9 \u00e0 propos de sa  gestion des 1000 milliards des fonds COVID. <\/p>\n\n\n\n<p>Rien de moins! Il aurait  d\u00fb  installer dans sa plainte des centaines de s\u00e9n\u00e9galais qui ont fait publiquement le m\u00eame constat. La belle-famille du Pr\u00e9sident Macky Sall n\u2019en finit pas de me poursuivre d\u2019une vendetta aussi insens\u00e9e qu\u2019infructueuse. <\/p>\n\n\n\n<p>Ce fut d\u2019abord Madame la Premi\u00e8re Dame qui pendant 10 ans a r\u00e9ussi \u00e0 casser tous ceux qui s\u2019opposaient \u00e0 ses usurpations inacceptables de la fonction pr\u00e9sidentielle. <\/p>\n\n\n\n<p>Ensuite, son fr\u00e8re Adama Faye de Grand Yoff qui se r\u00eavait en maire de Dakar et  aujourd\u2019hui c\u2019est au tour du chef de clan Mansour Faye qui aurait exig\u00e9 de son beau-fr\u00e8re Macky Sall  mon renvoi de l\u2019Assembl\u00e9e Nationale suite \u00e0 ma proposition de loi sur les incompatibilit\u00e9s familiales.  <\/p>\n\n\n\n<p>Nombreux sont ceux dont les carri\u00e8res professionnelles et politiques furent bris\u00e9es parce que refusant le diktat moyen\u00e2geux de la belle-famille pr\u00e9sidentielle. <\/p>\n\n\n\n<p>Gr\u00e2ce \u00e0 Dieu, \u00e0 la mobilisation des s\u00e9n\u00e9galais et au sacrifice de pr\u00e8s de 60 jeunes s\u00e9n\u00e9galais Macky Sall  et sa belle-famille sont partis!  <\/p>\n\n\n\n<p>Que Mansour Faye n\u2019oublie surtout pas de se pr\u00e9senter le 27 juillet au tribunal avec la d\u00e9claration de tout son patrimoine et celui de sa famille au S\u00e9n\u00e9gal et \u00e0 l&rsquo;Etranger\u00a0\u00bb.<\/p>\n\n\n\n<p>,,<\/p>\n","protected":false},"excerpt":{"rendered":"<p>L&rsquo;ancienne PM, Aminata Tour\u00e9 est train\u00e9e en justice pour diffamation par l&rsquo;ancien ministre, Mansour Faye, dans l&rsquo;affaire des Fonds Covid-19.<\/p>\n","protected":false},"author":1,"featured_media":21269,"comment_status":"open","ping_status":"open","sticky":false,"template":"","format":"standard","meta":{"footnotes":""},"categories":[6],"tags":[],"class_list":["post-38103","post","type-post","status-publish","format-standard","has-post-thumbnail","hentry","category-politics"],"_links":{"self":[{"href":"https:\/\/dekkbi.com\/index.php?rest_route=\/wp\/v2\/posts\/38103","targetHints":{"allow":["GET"]}}],"collection":[{"href":"https:\/\/dekkbi.com\/index.php?rest_route=\/wp\/v2\/posts"}],"about":[{"href":"https:\/\/dekkbi.com\/index.php?rest_route=\/wp\/v2\/types\/post"}],"author":[{"embeddable":true,"href":"https:\/\/dekkbi.com\/index.php?rest_route=\/wp\/v2\/users\/1"}],"replies":[{"embeddable":true,"href":"https:\/\/dekkbi.com\/index.php?rest_route=%2Fwp%2Fv2%2Fcomments&post=38103"}],"version-history":[{"count":1,"href":"https:\/\/dekkbi.com\/index.php?rest_route=\/wp\/v2\/posts\/38103\/revisions"}],"predecessor-version":[{"id":38104,"href":"https:\/\/dekkbi.com\/index.php?rest_route=\/wp\/v2\/posts\/38103\/revisions\/38104"}],"wp:featuredmedia":[{"embeddable":true,"href":"https:\/\/dekkbi.com\/index.php?rest_route=\/wp\/v2\/media\/21269"}],"wp:attachment":[{"href":"https:\/\/dekkbi.com\/index.php?rest_route=%2Fwp%2Fv2%2Fmedia&parent=38103"}],"wp:term":[{"taxonomy":"category","embeddable":true,"href":"https:\/\/dekkbi.com\/index.php?rest_route=%2Fwp%2Fv2%2Fcategories&post=38103"},{"taxonomy":"post_tag","embeddable":true,"href":"https:\/\/dekkbi.com\/index.php?rest_route=%2Fwp%2Fv2%2Ftags&post=38103"}],"curies":[{"name":"wp","href":"https:\/\/api.w.org\/{rel}","templated":true}]}}