{"id":38097,"date":"2024-07-07T12:33:11","date_gmt":"2024-07-07T12:33:11","guid":{"rendered":"https:\/\/dekkbi.com\/?p=38097"},"modified":"2024-07-07T12:33:49","modified_gmt":"2024-07-07T12:33:49","slug":"lavenement-dune-confederation-de-lalliance-des-etas-du-sahel-acte-a-niamey","status":"publish","type":"post","link":"https:\/\/dekkbi.com\/?p=38097","title":{"rendered":"L\u2019av\u00e8nement d\u2019une Conf\u00e9d\u00e9ration de l\u2019Alliance des Etas du Sahel act\u00e9 \u00e0 Niamey"},"content":{"rendered":"\n<p>Dakar,  (APS) \u2013 Le Burkina Faso, le Mali et le Niger ont d\u00e9cid\u00e9, samedi \u00e0 Niamey, de se constituer en une conf\u00e9d\u00e9ration d\u00e9nomm\u00e9e Alliance des Etats du Sahel (AES), a-t-on appris de source officielle.<\/p>\n\n\n\n<p>.Il s\u2019agit d\u2019une d\u00e9cision prise lors d\u2019un sommet des pr\u00e9sidents des trois pays organis\u00e9 dans la capitale du Niger.<\/p>\n\n\n\n<p>Abdourahamane Tiani (Niger), Ibrahim Traor\u00e9 (Burkina) et Assimi Go\u00efta (Mali) ont ainsi d\u00e9cid\u00e9 de \u2018\u2019 franchir une \u00e9tape suppl\u00e9mentaire vers une int\u00e9gration plus pouss\u00e9e entre les pays membres\u2019\u2019, rapporte le communiqu\u00e9 final de la rencontre.<\/p>\n\n\n\n<p>\u2018\u2019Ils ont adopt\u00e9 le trait\u00e9 instituant une Conf\u00e9d\u00e9ration entre le Burkina Faso, la R\u00e9publique du Mali et la R\u00e9publique du Niger d\u00e9nomm\u00e9e Conf\u00e9d\u00e9ration \u2018\u2019Alliance des Etats du Sahel\u2019\u2019 en abr\u00e9g\u00e9 Conf\u00e9d\u00e9ration AES\u2019\u2019, indique le document consult\u00e9 par l\u2019APS.<\/p>\n\n\n\n<p>Les trois dirigeants se sont f\u00e9licit\u00e9s du retrait irr\u00e9vocable et sans d\u00e9lai de leurs pays de la CEDEAO, la Communaut\u00e9 \u00e9conomique des Etats de l\u2019Afrique de l\u2019ouest tout en r\u00e9affirmant \u2018\u2019la pleine souverainet\u00e9 de chacun des pays membres de l\u2019AES dans les choix strat\u00e9giques concourant au bien-\u00eatre de leurs populations\u2019\u2019.<\/p>\n\n\n\n<p>Les pr\u00e9sidents du Niger, du Burkina Faso et du Mali ont de nouveau rappel\u00e9 \u2018\u2019la lourde responsabilit\u00e9 de la CEDEAO dans l\u2019effritement des valeurs de fraternit\u00e9, de solidarit\u00e9 et de coop\u00e9ration entre les Etats et les peuples\u2019\u2019 et ont soulign\u00e9 \u2018\u2019l\u2019impact n\u00e9faste des sanctions ill\u00e9gales, ill\u00e9gitimes et inhumaines et des menaces d\u2019agression contre un Etat souverain\u2019\u2019.<\/p>\n\n\n\n<p>Ils ont, \u00e0 cet \u00e9gard, instruit leurs ministres en charge des questions d\u2019int\u00e9gration et de libre circulation des personnes et des biens d\u2019\u00e9laborer dans l\u2019urgence, des projets de protocoles additionnels en vue de faire face aux implications li\u00e9es aux retrait des Etats de l\u2019AES de la CEDEAO.<\/p>\n\n\n\n<p>Tiani, Go\u00efta et Traor\u00e9 n\u2019ont pas dans le m\u00eame temps manqu\u00e9 de souligner la n\u00e9cessit\u00e9 d\u2019une coordination de l\u2019action diplomatique ainsi que l\u2019importance de parler d\u2019une seule voix.<\/p>\n\n\n\n<p>AKS\/ASG <\/p>\n\n\n\n<p><\/p>\n\n\n\n<p><\/p>\n","protected":false},"excerpt":{"rendered":"<p>Dakar, (APS) \u2013 Le Burkina Faso, le Mali et le Niger ont d\u00e9cid\u00e9, samedi \u00e0 Niamey, de se constituer en<\/p>\n","protected":false},"author":1,"featured_media":38098,"comment_status":"open","ping_status":"open","sticky":false,"template":"","format":"standard","meta":{"footnotes":""},"categories":[6],"tags":[],"class_list":["post-38097","post","type-post","status-publish","format-standard","has-post-thumbnail","hentry","category-politics"],"_links":{"self":[{"href":"https:\/\/dekkbi.com\/index.php?rest_route=\/wp\/v2\/posts\/38097","targetHints":{"allow":["GET"]}}],"collection":[{"href":"https:\/\/dekkbi.com\/index.php?rest_route=\/wp\/v2\/posts"}],"about":[{"href":"https:\/\/dekkbi.com\/index.php?rest_route=\/wp\/v2\/types\/post"}],"author":[{"embeddable":true,"href":"https:\/\/dekkbi.com\/index.php?rest_route=\/wp\/v2\/users\/1"}],"replies":[{"embeddable":true,"href":"https:\/\/dekkbi.com\/index.php?rest_route=%2Fwp%2Fv2%2Fcomments&post=38097"}],"version-history":[{"count":1,"href":"https:\/\/dekkbi.com\/index.php?rest_route=\/wp\/v2\/posts\/38097\/revisions"}],"predecessor-version":[{"id":38099,"href":"https:\/\/dekkbi.com\/index.php?rest_route=\/wp\/v2\/posts\/38097\/revisions\/38099"}],"wp:featuredmedia":[{"embeddable":true,"href":"https:\/\/dekkbi.com\/index.php?rest_route=\/wp\/v2\/media\/38098"}],"wp:attachment":[{"href":"https:\/\/dekkbi.com\/index.php?rest_route=%2Fwp%2Fv2%2Fmedia&parent=38097"}],"wp:term":[{"taxonomy":"category","embeddable":true,"href":"https:\/\/dekkbi.com\/index.php?rest_route=%2Fwp%2Fv2%2Fcategories&post=38097"},{"taxonomy":"post_tag","embeddable":true,"href":"https:\/\/dekkbi.com\/index.php?rest_route=%2Fwp%2Fv2%2Ftags&post=38097"}],"curies":[{"name":"wp","href":"https:\/\/api.w.org\/{rel}","templated":true}]}}