{"id":38088,"date":"2024-07-06T12:05:18","date_gmt":"2024-07-06T12:05:18","guid":{"rendered":"https:\/\/dekkbi.com\/?p=38088"},"modified":"2024-07-06T12:05:19","modified_gmt":"2024-07-06T12:05:19","slug":"transfert-alfred-gomis-quitte-le-stade-rennais","status":"publish","type":"post","link":"https:\/\/dekkbi.com\/?p=38088","title":{"rendered":"Transfert : Alfred Gomis quitte le Stade Rennais"},"content":{"rendered":"\n<p>iGFM (Dakar) Apr\u00e8s avoir \u00e9t\u00e9 pr\u00eat\u00e9 \u00e0 C\u00f4me et \u00e0 Lorient, Alfred Gomis rejoint la deuxi\u00e8me division italienne et le club de Palerme comme indiqu\u00e9, ce samedi, par la formation bretonne.<\/p>\n\n\n\n<p>C\u2019est officiel ! Selon Footmercato, Alfred Gomis n\u2019est plus un joueur du Stade Rennais.<\/p>\n\n\n\n<p> Apr\u00e8s avoir \u00e9t\u00e9 pr\u00eat\u00e9 \u00e0 C\u00f4me et \u00e0 Lorient, le gardien de but international s\u00e9n\u00e9galais rejoint la deuxi\u00e8me division italienne et le club de Palerme comme indiqu\u00e9, ce samedi, par la formation bretonne.<\/p>\n\n\n\n<p>Auteur de 59 matches sous les couleurs rennaises, le gardien de 30 ans s\u2019offre donc un nouveau challenge et est d\u00e9sormais li\u00e9 \u00e0 l\u2019\u00e9curie transalpine jusqu\u2019en juin 2026. <\/p>\n\n\n\n<p>Apr\u00e8s des exp\u00e9riences au Torino, \u00e0 la SPAL ou encore \u00e0 la Salernitana, le natif de Ziguinchor est un habitu\u00e9 du football italien.<\/p>\n\n\n\n<p><\/p>\n","protected":false},"excerpt":{"rendered":"<p>iGFM (Dakar) Apr\u00e8s avoir \u00e9t\u00e9 pr\u00eat\u00e9 \u00e0 C\u00f4me et \u00e0 Lorient, Alfred Gomis rejoint la deuxi\u00e8me division italienne et le<\/p>\n","protected":false},"author":1,"featured_media":38089,"comment_status":"open","ping_status":"open","sticky":false,"template":"","format":"standard","meta":{"footnotes":""},"categories":[9],"tags":[],"class_list":["post-38088","post","type-post","status-publish","format-standard","has-post-thumbnail","hentry","category-sports"],"_links":{"self":[{"href":"https:\/\/dekkbi.com\/index.php?rest_route=\/wp\/v2\/posts\/38088","targetHints":{"allow":["GET"]}}],"collection":[{"href":"https:\/\/dekkbi.com\/index.php?rest_route=\/wp\/v2\/posts"}],"about":[{"href":"https:\/\/dekkbi.com\/index.php?rest_route=\/wp\/v2\/types\/post"}],"author":[{"embeddable":true,"href":"https:\/\/dekkbi.com\/index.php?rest_route=\/wp\/v2\/users\/1"}],"replies":[{"embeddable":true,"href":"https:\/\/dekkbi.com\/index.php?rest_route=%2Fwp%2Fv2%2Fcomments&post=38088"}],"version-history":[{"count":1,"href":"https:\/\/dekkbi.com\/index.php?rest_route=\/wp\/v2\/posts\/38088\/revisions"}],"predecessor-version":[{"id":38090,"href":"https:\/\/dekkbi.com\/index.php?rest_route=\/wp\/v2\/posts\/38088\/revisions\/38090"}],"wp:featuredmedia":[{"embeddable":true,"href":"https:\/\/dekkbi.com\/index.php?rest_route=\/wp\/v2\/media\/38089"}],"wp:attachment":[{"href":"https:\/\/dekkbi.com\/index.php?rest_route=%2Fwp%2Fv2%2Fmedia&parent=38088"}],"wp:term":[{"taxonomy":"category","embeddable":true,"href":"https:\/\/dekkbi.com\/index.php?rest_route=%2Fwp%2Fv2%2Fcategories&post=38088"},{"taxonomy":"post_tag","embeddable":true,"href":"https:\/\/dekkbi.com\/index.php?rest_route=%2Fwp%2Fv2%2Ftags&post=38088"}],"curies":[{"name":"wp","href":"https:\/\/api.w.org\/{rel}","templated":true}]}}