{"id":38075,"date":"2024-07-06T11:35:49","date_gmt":"2024-07-06T11:35:49","guid":{"rendered":"https:\/\/dekkbi.com\/?p=38075"},"modified":"2024-07-06T11:35:50","modified_gmt":"2024-07-06T11:35:50","slug":"touba-reception-dun-lot-de-materiel-de-nettoiement","status":"publish","type":"post","link":"https:\/\/dekkbi.com\/?p=38075","title":{"rendered":"Touba: r\u00e9ception d\u2019un lot de mat\u00e9riel de nettoiement"},"content":{"rendered":"\n<p>Touba,  (APS) \u2013 Le ministre de l\u2019Urbanisme, des Collectivit\u00e9s territoriales et de l\u2019Am\u00e9nagement des territoires, Moussa Balla Fofana, a r\u00e9ceptionn\u00e9, vendredi, \u00e0 Touba (centre), un lot de mat\u00e9riel de nettoiement offert \u00e0 la capitale du mouridisme dans le cadre de la deuxi\u00e8me \u00e9dition de la journ\u00e9e nationale de nettoiement, a constat\u00e9 l\u2019APS.<\/p>\n\n\n\n<p>\u201dConcernant le petit mat\u00e9riel compos\u00e9 de brouettes, de pelles, de balais et de r\u00e2teaux, pour chaque typologie, on n\u2019a plus de trois cents unit\u00e9s qu\u2019on a pu faire venir ici\u201d, a-t-il dit.<\/p>\n\n\n\n<p>Il s\u2019exprimait en pr\u00e9sence de Serigne Cheikh Abdou Latif Mback\u00e9, pr\u00e9sident de la commission nettoiement du comit\u00e9 d\u2019organisation du Magal de Touba.<\/p>\n\n\n\n<p>\u201dCette fois-ci, nous avons vraiment tenu \u00e0 venir un peu plus t\u00f4t passer la journ\u00e9e ici et r\u00e9ceptionner le mat\u00e9riel et m\u2019assurer aussi de la coordination\u201d, a-t-il ajout\u00e9, annon\u00e7ant qu\u2019il pr\u00e9sidera la journ\u00e9e nationale de nettoiement, ce samedi \u00e0 Touba.<\/p>\n\n\n\n<p>Il a soulign\u00e9 que l\u2019objectif de son minist\u00e8re est de \u2018\u2019fournir aux communaut\u00e9s locales les \u00e9quipements n\u00e9cessaires pour organiser des op\u00e9rations ponctuelles de nettoyage dans divers quartiers, renfor\u00e7ant ainsi la propret\u00e9 de la ville\u201d.<\/p>\n\n\n\n<p>Il a exhort\u00e9 les communaut\u00e9s \u00e0 prendre soin de ces \u00e9quipements, soulignant qu\u2019ils ont \u00e9t\u00e9 financ\u00e9s par des fonds publics et sont essentiels \u00e0 l\u2019am\u00e9lioration du cadre de vie des S\u00e9n\u00e9galais.<\/p>\n\n\n\n<p><\/p>\n\n\n\n<p><\/p>\n","protected":false},"excerpt":{"rendered":"<p>Touba, (APS) \u2013 Le ministre de l\u2019Urbanisme, des Collectivit\u00e9s territoriales et de l\u2019Am\u00e9nagement des territoires, Moussa Balla Fofana, a r\u00e9ceptionn\u00e9,<\/p>\n","protected":false},"author":1,"featured_media":38076,"comment_status":"open","ping_status":"open","sticky":false,"template":"","format":"standard","meta":{"footnotes":""},"categories":[26],"tags":[],"class_list":["post-38075","post","type-post","status-publish","format-standard","has-post-thumbnail","hentry","category-fait-divers"],"_links":{"self":[{"href":"https:\/\/dekkbi.com\/index.php?rest_route=\/wp\/v2\/posts\/38075","targetHints":{"allow":["GET"]}}],"collection":[{"href":"https:\/\/dekkbi.com\/index.php?rest_route=\/wp\/v2\/posts"}],"about":[{"href":"https:\/\/dekkbi.com\/index.php?rest_route=\/wp\/v2\/types\/post"}],"author":[{"embeddable":true,"href":"https:\/\/dekkbi.com\/index.php?rest_route=\/wp\/v2\/users\/1"}],"replies":[{"embeddable":true,"href":"https:\/\/dekkbi.com\/index.php?rest_route=%2Fwp%2Fv2%2Fcomments&post=38075"}],"version-history":[{"count":1,"href":"https:\/\/dekkbi.com\/index.php?rest_route=\/wp\/v2\/posts\/38075\/revisions"}],"predecessor-version":[{"id":38077,"href":"https:\/\/dekkbi.com\/index.php?rest_route=\/wp\/v2\/posts\/38075\/revisions\/38077"}],"wp:featuredmedia":[{"embeddable":true,"href":"https:\/\/dekkbi.com\/index.php?rest_route=\/wp\/v2\/media\/38076"}],"wp:attachment":[{"href":"https:\/\/dekkbi.com\/index.php?rest_route=%2Fwp%2Fv2%2Fmedia&parent=38075"}],"wp:term":[{"taxonomy":"category","embeddable":true,"href":"https:\/\/dekkbi.com\/index.php?rest_route=%2Fwp%2Fv2%2Fcategories&post=38075"},{"taxonomy":"post_tag","embeddable":true,"href":"https:\/\/dekkbi.com\/index.php?rest_route=%2Fwp%2Fv2%2Ftags&post=38075"}],"curies":[{"name":"wp","href":"https:\/\/api.w.org\/{rel}","templated":true}]}}