{"id":38041,"date":"2024-07-05T21:18:25","date_gmt":"2024-07-05T21:18:25","guid":{"rendered":"https:\/\/dekkbi.com\/?p=38041"},"modified":"2024-07-05T21:26:11","modified_gmt":"2024-07-05T21:26:11","slug":"la-plus-impressionnante-presentation-de-lhistoire-le-real-voit-grand-pour-larrivee-de-mbappe-a-bernabeu","status":"publish","type":"post","link":"https:\/\/dekkbi.com\/?p=38041","title":{"rendered":"\u201cLa plus impressionnante pr\u00e9sentation de l\u2019histoire\u201d: le Real voit grand pour l&rsquo;arriv\u00e9e de Mbapp\u00e9 \u00e0 Bernabeu"},"content":{"rendered":"\n<p>80.000 spectateurs, show lumineux, invit\u00e9s prestigieux: le Real va mettre les petits plats dans les grands pour la pr\u00e9sentation de Kylian Mbapp\u00e9 \u00e0 Santiago Bernabeu. Une pr\u00e9sentation qui devrait avoir lieu le mardi 16 juillet, si les Bleus ne vont pas jusqu\u2019en finale de l\u2019Euro?<\/p>\n\n\n\n<p>Quand l\u2019Euro de la France (qui affronte le Portugal en quart de finale, mercredi) sera termin\u00e9, Kylian Mbapp\u00e9 pourra commencer son aventure avec le Real Madrid. Officiellement membre de la Maison Blanche depuis le 3 juin dernier, le Fran\u00e7ais n\u2019a pas encore \u00e9t\u00e9 pr\u00e9sent\u00e9 dans son nouveau club.<\/p>\n\n\n\n<p>Le Real souhaitait en effet laisser sa nouvelle superstar se concentrer sur l\u2019Euro et voit surtout les choses en grand. Selon AS, le club madril\u00e8ne va, en effet, organiser \u201cla plus impressionnante pr\u00e9sentation de l\u2019histoire du football\u201d pour c\u00e9l\u00e9brer l\u2019arriv\u00e9e de Kylian Mbapp\u00e9.<\/p>\n\n\n\n<p>80.000 personnes sont attendues dans les gradins de Santiago Bernabeu, c\u2019est autant que pour la pr\u00e9sentation de Cristiano Ronaldo en 2009. Toujours selon AS, le Fran\u00e7ais fera une entr\u00e9e \u201c\u00e0 la Taylor Swift\u201d: maillot du Real floqu\u00e9 du num\u00e9ro 9 sur le dos, il traversera une \u00e9norme passerelle pour rejoindre la pelouse.<\/p>\n\n\n\n<p> Avec musique, des feux d\u2019artifice et diffusion de vid\u00e9os des temps forts de sa carri\u00e8re pour l\u2019accompagner.Florentino Perez, le pr\u00e9sident du Real, fera office de ma\u00eetre de c\u00e9r\u00e9monie, et des invit\u00e9s prestigieux sont \u00e9galement attendus pour participer \u00e0 la f\u00eate.<\/p>\n\n\n\n<p> \u00c7a promet une riche soir\u00e9e \u00e0 Madrid, le 16 juillet prochain. En principe, car la date n\u2019a pas encore \u00e9t\u00e9 confirm\u00e9e par le Real, qui devra peut-\u00eatre revoir ses plans si la France remporte l\u2019\u2019Euro, deux jours plus t\u00f4t \u00e0 Berlin.<\/p>\n\n\n\n<p>SOURCE 7\/7<\/p>\n\n\n\n<p><\/p>\n","protected":false},"excerpt":{"rendered":"<p>80.000 spectateurs, show lumineux, invit\u00e9s prestigieux: le Real va mettre les petits plats dans les grands pour la pr\u00e9sentation de<\/p>\n","protected":false},"author":1,"featured_media":38042,"comment_status":"open","ping_status":"open","sticky":false,"template":"","format":"standard","meta":{"footnotes":""},"categories":[26],"tags":[],"class_list":["post-38041","post","type-post","status-publish","format-standard","has-post-thumbnail","hentry","category-fait-divers"],"_links":{"self":[{"href":"https:\/\/dekkbi.com\/index.php?rest_route=\/wp\/v2\/posts\/38041","targetHints":{"allow":["GET"]}}],"collection":[{"href":"https:\/\/dekkbi.com\/index.php?rest_route=\/wp\/v2\/posts"}],"about":[{"href":"https:\/\/dekkbi.com\/index.php?rest_route=\/wp\/v2\/types\/post"}],"author":[{"embeddable":true,"href":"https:\/\/dekkbi.com\/index.php?rest_route=\/wp\/v2\/users\/1"}],"replies":[{"embeddable":true,"href":"https:\/\/dekkbi.com\/index.php?rest_route=%2Fwp%2Fv2%2Fcomments&post=38041"}],"version-history":[{"count":1,"href":"https:\/\/dekkbi.com\/index.php?rest_route=\/wp\/v2\/posts\/38041\/revisions"}],"predecessor-version":[{"id":38043,"href":"https:\/\/dekkbi.com\/index.php?rest_route=\/wp\/v2\/posts\/38041\/revisions\/38043"}],"wp:featuredmedia":[{"embeddable":true,"href":"https:\/\/dekkbi.com\/index.php?rest_route=\/wp\/v2\/media\/38042"}],"wp:attachment":[{"href":"https:\/\/dekkbi.com\/index.php?rest_route=%2Fwp%2Fv2%2Fmedia&parent=38041"}],"wp:term":[{"taxonomy":"category","embeddable":true,"href":"https:\/\/dekkbi.com\/index.php?rest_route=%2Fwp%2Fv2%2Fcategories&post=38041"},{"taxonomy":"post_tag","embeddable":true,"href":"https:\/\/dekkbi.com\/index.php?rest_route=%2Fwp%2Fv2%2Ftags&post=38041"}],"curies":[{"name":"wp","href":"https:\/\/api.w.org\/{rel}","templated":true}]}}