{"id":37995,"date":"2024-07-05T19:35:05","date_gmt":"2024-07-05T19:35:05","guid":{"rendered":"https:\/\/dekkbi.com\/?p=37995"},"modified":"2024-07-05T19:35:06","modified_gmt":"2024-07-05T19:35:06","slug":"les-verites-de-birane-ndour-sur-la-situation-fiscale-de-gfm","status":"publish","type":"post","link":"https:\/\/dekkbi.com\/?p=37995","title":{"rendered":"Les v\u00e9rit\u00e9s de Birane Ndour sur la situation fiscale de GFM"},"content":{"rendered":"\n<p>Dans une \u00e9mission sp\u00e9ciale diffus\u00e9e sur la TFM, Birane Ndour, Directeur g\u00e9n\u00e9ral du Groupe Futurs M\u00e9dias (GFM), a pris la parole pour clarifier la position du groupe sur les questions fiscales. Contrairement aux accusations fr\u00e9quentes, il a affirm\u00e9 fermement que GFM s\u2019acquitte de ses imp\u00f4ts. \u00ab\u00a0Je ne dirigerai jamais un groupe qui ne s&rsquo;acquitte pas de ses imp\u00f4ts. GFM paie ses imp\u00f4ts\u00a0\u00bb, a-t-il d\u00e9clar\u00e9.<\/p>\n\n\n\n<p>Reconnaissance des Dettes Fiscales<\/p>\n\n\n\n<p>Cependant, le Directeur g\u00e9n\u00e9ral de GFM a admis sur le plateau que, comme de nombreuses entreprises, GFM a des dettes fiscales. \u00ab\u00a0Le bon discours serait de dire que GFM doit de l&rsquo;argent au Fisc, comme presque toutes les entreprises, et je pense que c&rsquo;est normal\u00a0\u00bb, a-t-il expliqu\u00e9. <\/p>\n\n\n\n<p>Birane Ndour a \u00e9galement r\u00e9v\u00e9l\u00e9 que les comptes du groupe sont bloqu\u00e9s depuis des semaines. Malgr\u00e9 cette situation, il pr\u00e9cise que GFM a maintenu sa dignit\u00e9, rappelant que la Direction g\u00e9n\u00e9rale est habitu\u00e9e \u00e0 g\u00e9rer des Avis \u00e0 Tiers D\u00e9tenteur (ATD).<\/p>\n\n\n\n<p>D\u00e9fis Financiers de GFM<\/p>\n\n\n\n<p>Birane Ndour a expos\u00e9 les d\u00e9fis financiers auxquels GFM fait face, notamment en raison d&rsquo;une masse salariale importante pour ses 700 employ\u00e9s. <\/p>\n\n\n\n<p>En plus, le groupe doit s\u2019acquitter des trois principales taxes :- Versement de la Retenue \u00e0 la Source (VRS) &#8211; Taxe sur la Valeur Ajout\u00e9e (TVA)- Bordereau de Retenue \u00e0 la Source (BRS)<\/p>\n\n\n\n<p>Soutien au Gouvernement et Appel \u00e0 une Fiscalit\u00e9 \u00c9quitableL\u2019administrateur de GFM a exprim\u00e9 ses f\u00e9licitations et son soutien au Gouvernement pour sa gestion fiscale, tout en soulignant la n\u00e9cessit\u00e9 d&rsquo;\u00e9viter une fiscalit\u00e9 punitive.<\/p>\n\n\n\n<p> Il a insist\u00e9 sur l&rsquo;importance de trouver un \u00e9quilibre qui ne nuise pas \u00e0 la presse, qu&rsquo;il consid\u00e8re comme cruciale pour la d\u00e9mocratie : \u00ab\u00a0Quand vous asphyxiez la presse, vous asphyxiez une partie de votre d\u00e9mocratie.<\/p>\n\n\n\n<p>\u00ab\u00a0Les d\u00e9clarations de Birane Ndour viennent \u00e9clairer la situation financi\u00e8re de GFM et d\u00e9montrent la r\u00e9silience et l&rsquo;engagement du groupe \u00e0 respecter ses obligations fiscales. <\/p>\n\n\n\n<p>Malgr\u00e9 les d\u00e9fis \u00e9conomiques actuels, GFM continue de lutter pour sa survie et celle de ses employ\u00e9s, tout en maintenant ses engagements fiscaux.<\/p>\n\n\n\n<p> Le message de Birane Ndour souligne l&rsquo;importance de la presse dans la soci\u00e9t\u00e9 et la n\u00e9cessit\u00e9 d&rsquo;une gestion fiscale juste pour pr\u00e9server sa vitalit\u00e9.<\/p>\n\n\n\n<p>SOURCE LERAL<\/p>\n\n\n\n<p><\/p>\n\n\n\n<p><\/p>\n","protected":false},"excerpt":{"rendered":"<p>Dans une \u00e9mission sp\u00e9ciale diffus\u00e9e sur la TFM, Birane Ndour, Directeur g\u00e9n\u00e9ral du Groupe Futurs M\u00e9dias (GFM), a pris la<\/p>\n","protected":false},"author":1,"featured_media":37996,"comment_status":"open","ping_status":"open","sticky":false,"template":"","format":"standard","meta":{"footnotes":""},"categories":[21],"tags":[],"class_list":["post-37995","post","type-post","status-publish","format-standard","has-post-thumbnail","hentry","category-societe"],"_links":{"self":[{"href":"https:\/\/dekkbi.com\/index.php?rest_route=\/wp\/v2\/posts\/37995","targetHints":{"allow":["GET"]}}],"collection":[{"href":"https:\/\/dekkbi.com\/index.php?rest_route=\/wp\/v2\/posts"}],"about":[{"href":"https:\/\/dekkbi.com\/index.php?rest_route=\/wp\/v2\/types\/post"}],"author":[{"embeddable":true,"href":"https:\/\/dekkbi.com\/index.php?rest_route=\/wp\/v2\/users\/1"}],"replies":[{"embeddable":true,"href":"https:\/\/dekkbi.com\/index.php?rest_route=%2Fwp%2Fv2%2Fcomments&post=37995"}],"version-history":[{"count":1,"href":"https:\/\/dekkbi.com\/index.php?rest_route=\/wp\/v2\/posts\/37995\/revisions"}],"predecessor-version":[{"id":37997,"href":"https:\/\/dekkbi.com\/index.php?rest_route=\/wp\/v2\/posts\/37995\/revisions\/37997"}],"wp:featuredmedia":[{"embeddable":true,"href":"https:\/\/dekkbi.com\/index.php?rest_route=\/wp\/v2\/media\/37996"}],"wp:attachment":[{"href":"https:\/\/dekkbi.com\/index.php?rest_route=%2Fwp%2Fv2%2Fmedia&parent=37995"}],"wp:term":[{"taxonomy":"category","embeddable":true,"href":"https:\/\/dekkbi.com\/index.php?rest_route=%2Fwp%2Fv2%2Fcategories&post=37995"},{"taxonomy":"post_tag","embeddable":true,"href":"https:\/\/dekkbi.com\/index.php?rest_route=%2Fwp%2Fv2%2Ftags&post=37995"}],"curies":[{"name":"wp","href":"https:\/\/api.w.org\/{rel}","templated":true}]}}