{"id":37933,"date":"2024-07-04T18:55:16","date_gmt":"2024-07-04T18:55:16","guid":{"rendered":"https:\/\/dekkbi.com\/?p=37933"},"modified":"2024-07-04T18:55:16","modified_gmt":"2024-07-04T18:55:16","slug":"le-president-faye-mise-sur-des-synergies-interministerielles-pour-reduire-les-dependances-en-matiere-dequipements-de-defense","status":"publish","type":"post","link":"https:\/\/dekkbi.com\/?p=37933","title":{"rendered":"Le pr\u00e9sident Faye mise sur des \u201csynergies interminist\u00e9rielles\u201d pour r\u00e9duire les d\u00e9pendances en mati\u00e8re d\u2019\u00e9quipements de d\u00e9fense"},"content":{"rendered":"\n<p>Dakar,  (APS) \u2013 Le pr\u00e9sident de la R\u00e9publique, Bassirou Diomaye Faye, a pr\u00f4n\u00e9 jeudi le d\u00e9veloppement de synergies interminist\u00e9rielles en vue d\u2019une r\u00e9duction des d\u00e9pendances en mati\u00e8re d\u2019\u00e9quipements, \u00e0 travers notamment une ma\u00eetrise graduelle des technologies de d\u00e9fense.<\/p>\n\n\n\n<p>\u201cLes \u00e9volutions fulgurantes de l\u2019environnement g\u00e9opolitique mondial et sous r\u00e9gional cr\u00e9ent des vuln\u00e9rabilit\u00e9s qu\u2019il faudra limiter par une adaptation strat\u00e9gique qui passe par un effort budg\u00e9taire cons\u00e9quent en mati\u00e8re de d\u00e9fense, compatible avec nos ambitions\u201d, a affirm\u00e9 le chef de l\u2019Etat en pr\u00e9sidant, jeudi, la c\u00e9r\u00e9monie de sortie de la 3e promotion de l\u2019Ecole sup\u00e9rieure de guerre et de la 6e promotion du cours d\u2019\u00e9tat-major de l\u2019Institut de d\u00e9fense du S\u00e9n\u00e9gal.<\/p>\n\n\n\n<p>Devant les 47 officiers r\u00e9cipiendaires, dont 14 venant de huit pays de la sous-r\u00e9gion, le pr\u00e9sident de la R\u00e9publique a insist\u00e9 sur la n\u00e9cessit\u00e9 d\u2019une \u201cr\u00e9adaptation strat\u00e9gique\u201d pour r\u00e9duire les d\u00e9pendances, laquelle requiert \u201cune ma\u00eetrise graduelle\u201d des technologies de d\u00e9fense.<\/p>\n\n\n\n<p> Il s\u2019agira dans son entendement d\u2019encourager le d\u00e9veloppement de \u201csynergies interminist\u00e9rielles n\u00e9cessaires \u00e0 la mise en \u0153uvre et \u00e0 l\u2019exploitation de tous les leviers d\u2019action de l\u2019Etat\u201d.<\/p>\n\n\n\n<p>Dans cette perspective, le pr\u00e9sident Bassirou Diomaye Faye a demand\u00e9 au ministre des Forces arm\u00e9es, en relation avec ses coll\u00e8gues en charge de la Recherche scientifique et de l\u2019Industrie, de r\u00e9fl\u00e9chir \u201crapidement\u201d \u00e0 la mise en place de cadres de coop\u00e9ration n\u00e9cessaires pour \u201cd\u00e9velopper des capacit\u00e9s endog\u00e8nes de production des \u00e9quipements de d\u00e9fense dont nous avons besoin\u201d.<\/p>\n\n\n\n<p>Aux fins de son analyse, \u201csans industrie souveraine de d\u00e9fense, nous ne pouvons garantir notre libert\u00e9 de choix et donc d\u2019actions\u201d.<\/p>\n\n\n\n<p>\u201cSachant que vous \u00eates form\u00e9s pour \u00eatre des forces de proposition ainsi que des femmes et des hommes d\u2019actions, je vous exhorte \u00e0 vous investir, sans cesse, dans la qu\u00eate du savoir, comme vous en inspire la devise de l\u2019institut : +Excellence dans la d\u00e9cision+\u201d,  a dit le chef de l\u2019Etat en s\u2019adressant aux auditeurs.<\/p>\n\n\n\n<p>MK\/SMD\/ASG<\/p>\n\n\n\n<p><\/p>\n","protected":false},"excerpt":{"rendered":"<p>Dakar, (APS) \u2013 Le pr\u00e9sident de la R\u00e9publique, Bassirou Diomaye Faye, a pr\u00f4n\u00e9 jeudi le d\u00e9veloppement de synergies interminist\u00e9rielles en<\/p>\n","protected":false},"author":1,"featured_media":37934,"comment_status":"open","ping_status":"open","sticky":false,"template":"","format":"standard","meta":{"footnotes":""},"categories":[21],"tags":[],"class_list":["post-37933","post","type-post","status-publish","format-standard","has-post-thumbnail","hentry","category-societe"],"_links":{"self":[{"href":"https:\/\/dekkbi.com\/index.php?rest_route=\/wp\/v2\/posts\/37933","targetHints":{"allow":["GET"]}}],"collection":[{"href":"https:\/\/dekkbi.com\/index.php?rest_route=\/wp\/v2\/posts"}],"about":[{"href":"https:\/\/dekkbi.com\/index.php?rest_route=\/wp\/v2\/types\/post"}],"author":[{"embeddable":true,"href":"https:\/\/dekkbi.com\/index.php?rest_route=\/wp\/v2\/users\/1"}],"replies":[{"embeddable":true,"href":"https:\/\/dekkbi.com\/index.php?rest_route=%2Fwp%2Fv2%2Fcomments&post=37933"}],"version-history":[{"count":1,"href":"https:\/\/dekkbi.com\/index.php?rest_route=\/wp\/v2\/posts\/37933\/revisions"}],"predecessor-version":[{"id":37935,"href":"https:\/\/dekkbi.com\/index.php?rest_route=\/wp\/v2\/posts\/37933\/revisions\/37935"}],"wp:featuredmedia":[{"embeddable":true,"href":"https:\/\/dekkbi.com\/index.php?rest_route=\/wp\/v2\/media\/37934"}],"wp:attachment":[{"href":"https:\/\/dekkbi.com\/index.php?rest_route=%2Fwp%2Fv2%2Fmedia&parent=37933"}],"wp:term":[{"taxonomy":"category","embeddable":true,"href":"https:\/\/dekkbi.com\/index.php?rest_route=%2Fwp%2Fv2%2Fcategories&post=37933"},{"taxonomy":"post_tag","embeddable":true,"href":"https:\/\/dekkbi.com\/index.php?rest_route=%2Fwp%2Fv2%2Ftags&post=37933"}],"curies":[{"name":"wp","href":"https:\/\/api.w.org\/{rel}","templated":true}]}}