{"id":37847,"date":"2024-06-30T10:47:22","date_gmt":"2024-06-30T10:47:22","guid":{"rendered":"https:\/\/dekkbi.com\/?p=37847"},"modified":"2024-06-30T10:47:32","modified_gmt":"2024-06-30T10:47:32","slug":"le-premier-ministre-ousmane-sonko-attendu-a-colobane-et-a-la-plage-hanse-bernard-ce-dimanche","status":"publish","type":"post","link":"https:\/\/dekkbi.com\/?p=37847","title":{"rendered":"Le premier ministre Ousmane Sonko attendu \u00e0 Colobane et \u00e0 la plage hanse Bernard, ce dimanche"},"content":{"rendered":"\n<p>Le Premier ministre, Ousmane Sonko, a annonc\u00e9 qu\u2019il se rendra \u00e0 Colobane ce dimanche 30 juin 2024, \u00e0 15h 30, pour d\u00e9livrer un message important du Pr\u00e9sident de la R\u00e9publique. <\/p>\n\n\n\n<p>Cette visite intervient dans un contexte marqu\u00e9 par une vague soudaine de d\u00e9guerpissements et de d\u00e9sencombrements men\u00e9s par les collectivit\u00e9s territoriales.<\/p>\n\n\n\n<p>\u00ab Depuis quelques jours, le gouvernement a constat\u00e9 une vague subite de d\u00e9guerpissements et de d\u00e9sencombrements entrepris par les collectivit\u00e9s territoriales \u00bb, a d\u00e9clar\u00e9 le Chef du gouvernement sur son compte X.<\/p>\n\n\n\n<p>\u00ab En ma qualit\u00e9 de Premier Ministre, je me rendrai \u00e0 Colobane, ce dimanche 30 juin 2024, \u00e0 15h 30 mn, d\u00e9livrer un message du Pr\u00e9sident de la R\u00e9publique avant de me rendre \u00e0 la plage Hanse Bernard pour informer d\u2019un fait grave d\u00e9couvert dans le cadre des investigations en cours sur le littoral \u00bb, a-t-il ajout\u00e9.<\/p>\n","protected":false},"excerpt":{"rendered":"<p>Le Premier ministre, Ousmane Sonko, a annonc\u00e9 qu\u2019il se rendra \u00e0 Colobane ce dimanche 30 juin 2024, \u00e0 15h 30,<\/p>\n","protected":false},"author":1,"featured_media":13005,"comment_status":"open","ping_status":"open","sticky":false,"template":"","format":"standard","meta":{"footnotes":""},"categories":[6],"tags":[],"class_list":["post-37847","post","type-post","status-publish","format-standard","has-post-thumbnail","hentry","category-politics"],"_links":{"self":[{"href":"https:\/\/dekkbi.com\/index.php?rest_route=\/wp\/v2\/posts\/37847","targetHints":{"allow":["GET"]}}],"collection":[{"href":"https:\/\/dekkbi.com\/index.php?rest_route=\/wp\/v2\/posts"}],"about":[{"href":"https:\/\/dekkbi.com\/index.php?rest_route=\/wp\/v2\/types\/post"}],"author":[{"embeddable":true,"href":"https:\/\/dekkbi.com\/index.php?rest_route=\/wp\/v2\/users\/1"}],"replies":[{"embeddable":true,"href":"https:\/\/dekkbi.com\/index.php?rest_route=%2Fwp%2Fv2%2Fcomments&post=37847"}],"version-history":[{"count":1,"href":"https:\/\/dekkbi.com\/index.php?rest_route=\/wp\/v2\/posts\/37847\/revisions"}],"predecessor-version":[{"id":37849,"href":"https:\/\/dekkbi.com\/index.php?rest_route=\/wp\/v2\/posts\/37847\/revisions\/37849"}],"wp:featuredmedia":[{"embeddable":true,"href":"https:\/\/dekkbi.com\/index.php?rest_route=\/wp\/v2\/media\/13005"}],"wp:attachment":[{"href":"https:\/\/dekkbi.com\/index.php?rest_route=%2Fwp%2Fv2%2Fmedia&parent=37847"}],"wp:term":[{"taxonomy":"category","embeddable":true,"href":"https:\/\/dekkbi.com\/index.php?rest_route=%2Fwp%2Fv2%2Fcategories&post=37847"},{"taxonomy":"post_tag","embeddable":true,"href":"https:\/\/dekkbi.com\/index.php?rest_route=%2Fwp%2Fv2%2Ftags&post=37847"}],"curies":[{"name":"wp","href":"https:\/\/api.w.org\/{rel}","templated":true}]}}