{"id":37841,"date":"2024-06-30T10:37:39","date_gmt":"2024-06-30T10:37:39","guid":{"rendered":"https:\/\/dekkbi.com\/?p=37841"},"modified":"2024-06-30T10:37:40","modified_gmt":"2024-06-30T10:37:40","slug":"mabouba-diagne-invite-les-industriels-a-accompagner-davantage-les-petits-producteurs","status":"publish","type":"post","link":"https:\/\/dekkbi.com\/?p=37841","title":{"rendered":"Mabouba Diagne invite les industriels \u00e0 accompagner davantage les petits producteurs"},"content":{"rendered":"\n<p>Mbane, (APS) \u2013 Le ministre de l\u2019Agriculture, de la Souverainet\u00e9 alimentaire et de l\u2019Elevage, Mabouba Diagne, a invit\u00e9, les industriels \u00e0 accompagner les petits producteurs et \u00e0 aplanir les diff\u00e9rends avec les populations locales.<\/p>\n\n\n\n<p>\u201dJe vous demande solennellement \u00e0 penser \u00e0 faire une inclusion sociale, je ne peux concevoir que les villages soient \u00e0 votre c\u00f4t\u00e9 et que vous ayez des diff\u00e9rends\u2019\u2019, a dit, samedi, M. Diagne, \u00e0 l\u2019\u00e9tape de Mbane dans le cadre de sa tourn\u00e9e dans la vall\u00e9e.<\/p>\n\n\n\n<p>S\u2019adressant aux industriels notamment les responsables de la soci\u00e9t\u00e9 Swami Agri\u201d, il a insist\u00e9 sur la coh\u00e9sion sociale qui doit r\u00e9gner entre eux et les communaut\u00e9s.Il a mis l\u2019accent sur la qualit\u00e9 des infrastructures dans cette partie nord et magnifi\u00e9 \u201dle courage et la volont\u00e9 des responsables la soci\u00e9t\u00e9 Swami Agri\u201d.<\/p>\n\n\n\n<p>Mabouba Diagne a invit\u00e9 les soci\u00e9t\u00e9s pr\u00e9sentes dans la zone \u00e0 collaborer et \u00e0 orienter les paysans pour la r\u00e9alisation des plans quinquennaux d\u2019affaires destin\u00e9s \u00e0 la relance de l\u2019\u00e9conomie rurale.<\/p>\n\n\n\n<p>Le pr\u00e9sident du Conseil d\u2019administration de la soci\u00e9t\u00e9 Swami Agri\u201d, Souleymane Ndoye, s\u2019est r\u00e9joui du d\u00e9placement du ministre, promettant de tout faire pour appliquer ses conseils.<\/p>\n\n\n\n<p>OG\/AMD\/OID<\/p>\n","protected":false},"excerpt":{"rendered":"<p>Mbane, (APS) \u2013 Le ministre de l\u2019Agriculture, de la Souverainet\u00e9 alimentaire et de l\u2019Elevage, Mabouba Diagne, a invit\u00e9, les industriels<\/p>\n","protected":false},"author":1,"featured_media":37842,"comment_status":"open","ping_status":"open","sticky":false,"template":"","format":"standard","meta":{"footnotes":""},"categories":[3],"tags":[],"class_list":["post-37841","post","type-post","status-publish","format-standard","has-post-thumbnail","hentry","category-event-more-news"],"_links":{"self":[{"href":"https:\/\/dekkbi.com\/index.php?rest_route=\/wp\/v2\/posts\/37841","targetHints":{"allow":["GET"]}}],"collection":[{"href":"https:\/\/dekkbi.com\/index.php?rest_route=\/wp\/v2\/posts"}],"about":[{"href":"https:\/\/dekkbi.com\/index.php?rest_route=\/wp\/v2\/types\/post"}],"author":[{"embeddable":true,"href":"https:\/\/dekkbi.com\/index.php?rest_route=\/wp\/v2\/users\/1"}],"replies":[{"embeddable":true,"href":"https:\/\/dekkbi.com\/index.php?rest_route=%2Fwp%2Fv2%2Fcomments&post=37841"}],"version-history":[{"count":1,"href":"https:\/\/dekkbi.com\/index.php?rest_route=\/wp\/v2\/posts\/37841\/revisions"}],"predecessor-version":[{"id":37843,"href":"https:\/\/dekkbi.com\/index.php?rest_route=\/wp\/v2\/posts\/37841\/revisions\/37843"}],"wp:featuredmedia":[{"embeddable":true,"href":"https:\/\/dekkbi.com\/index.php?rest_route=\/wp\/v2\/media\/37842"}],"wp:attachment":[{"href":"https:\/\/dekkbi.com\/index.php?rest_route=%2Fwp%2Fv2%2Fmedia&parent=37841"}],"wp:term":[{"taxonomy":"category","embeddable":true,"href":"https:\/\/dekkbi.com\/index.php?rest_route=%2Fwp%2Fv2%2Fcategories&post=37841"},{"taxonomy":"post_tag","embeddable":true,"href":"https:\/\/dekkbi.com\/index.php?rest_route=%2Fwp%2Fv2%2Ftags&post=37841"}],"curies":[{"name":"wp","href":"https:\/\/api.w.org\/{rel}","templated":true}]}}