{"id":3783,"date":"2022-11-23T15:26:00","date_gmt":"2022-11-23T15:26:00","guid":{"rendered":"https:\/\/dekkbi.com\/?p=3783"},"modified":"2022-11-23T15:26:01","modified_gmt":"2022-11-23T15:26:01","slug":"premiere-edition-du-forum-de-la-diaspora-senegalaise-organise-a-bruxelles-par-lambassade-du-senegal","status":"publish","type":"post","link":"https:\/\/dekkbi.com\/?p=3783","title":{"rendered":"Premi\u00e8re \u00e9dition du Forum de la diaspora s\u00e9n\u00e9galaise organis\u00e9 \u00e0 Bruxelles par l\u2019Ambassade du S\u00e9n\u00e9gal"},"content":{"rendered":"\n<h3 class=\"wp-block-heading\">Le Forum de la diaspora s\u00e9n\u00e9galaise organis\u00e9 samedi 19 novembre 2022, \u00e0 Berchem-Sainte-Agathe, par l\u2019Ambassade du S\u00e9n\u00e9gal en Belgique et au Luxembourg, a connu un succ\u00e8s notable.<\/h3>\n\n\n\n<p>Pr\u00e9sid\u00e9 par S. E. Baye Moctar Diop, la rencontre, premi\u00e8re du genre dans les deux pays, a vu la pr\u00e9sence de M. Christian Lamouline, Bourgmestre de la commune et des autorit\u00e9s s\u00e9n\u00e9galaises. M. Ibrahima Ciss\u00e9, Directeur de Cabinet du Minist\u00e8re des Affaires \u00e9trang\u00e8res et des S\u00e9n\u00e9galais de l\u2019Ext\u00e9rieur, M. Pape Birama Thiam, Directeur de la Coop\u00e9ration Technique et Coordonnateur du PAISD, de M. Abdoulaye Diasse, SG\/FONGIP, de Mme Nata Samb Mback\u00e9, Administratrice du FAISE? ont accompagn\u00e9 l\u2019initiative diplomatique.<\/p>\n\n\n\n<p>Avec le th\u00e8me d\u2019actualit\u00e9 hautement riche \u00ab Opportunit\u00e9s et d\u00e9fis d\u2019une diaspora actrice du d\u00e9veloppement \u00bb, la premi\u00e8re \u00e9dition du forum a \u00e9t\u00e9 marqu\u00e9 par une forte mobilisation de la communaut\u00e9 s\u00e9n\u00e9galaise \u00e9tablie dans les deux pays. Y compris d\u2019\u00e9minentes personnalit\u00e9s, belges, africaines et europ\u00e9ennes.<\/p>\n\n\n\n<p>L\u2019ambition de rapprocher davantage les services de l\u2019Ambassade des compatriotes de la juridiction, tel que d\u00e9clin\u00e9e, dans le pr\u00e9ambule du forum, a \u00e9t\u00e9 atteinte. Dans la m\u00eame veine, il a permis aux compatriotes de conna\u00eetre certains programmes cl\u00e9 de l\u2019Etat d\u00e9di\u00e9s \u00e0 la diaspora et les opportunit\u00e9s d\u2019investissement, au S\u00e9n\u00e9gal et au besoin, \u00e0 les accompagner dans la mise en \u0153uvre de leurs projets.<\/p>\n\n\n\n<p>Dans son discours d\u2019ouverture, l&rsquo;Ambassadeur du S\u00e9n\u00e9gal en Belgique, au Luxembourg et aupr\u00e8s de l&rsquo;Union Europ\u00e9enne, S. E. Baye Moctar Diop a remerci\u00e9 tous ceux qui ont \u0153uvr\u00e9 \u00e0 rendre possible ce rendez-vous d\u00e9cisif. Il a exprim\u00e9 sa gratitude, en particulier au Bourgmestre de Berchem Sainte-Agathe, qui a accueilli l\u2019\u00e9v\u00e9nement dans sa commune.<\/p>\n\n\n\n<p><\/p>\n\n\n\n<p>Outre Enabel et l\u2019Office des Etrangers, le diplomate a rendu hommage aux institutions nationales pr\u00e9sentes \u00e0 Bruxelles, pour faire conna\u00eetre les programmes pertinents en faveur de la diaspora, ainsi que les m\u00e9canismes et proc\u00e9dures pour en b\u00e9n\u00e9ficier.<\/p>\n\n\n\n<p>Ainsi, organis\u00e9 dans une d\u00e9marche participative, le forum a \u00e9t\u00e9 un rendez-vous d\u2019\u00e9changes, fructueux et conviviaux, autour des pr\u00e9occupations de la diaspora : le s\u00e9jour, l\u2019insertion socio-professionnelle, la r\u00e9insertion en cas de retour, la mise en \u0153uvre des projets des s\u00e9n\u00e9galais de la diaspora et les d\u00e9fis socio-\u00e9conomiques qui pointent \u00e0 l\u2019horizon.<\/p>\n\n\n\n<p>Sur l\u2019objectif de la rencontre, Son Excellence soulignera : \u00ab&nbsp;<em>ce rendez-vous qui n\u2019a d\u2019autre objectif que d\u2019\u00eatre au plus pr\u00e8s des usagers, de venir vers eux, de les \u00e9couter, de recueillir leurs avis afin de lever toute incompr\u00e9hension \u00e9ventuelle, d\u2019anticiper sur les difficult\u00e9s pour trouver des solutions consensuelles et durables, \u00e0 tout ce qui pourrait nuire \u00e0 nos relations<\/em>&nbsp;\u00bb.<\/p>\n\n\n\n<p><\/p>\n\n\n\n<p>Une d\u00e9marche qui s\u2019inscrit dans le sillage des directives du Pr\u00e9sident, SEM Macky Sall qui, lors du Forum national de l\u2019Administration tenu d&rsquo;avril 2016 \u00e0 Dakar, avait demand\u00e9 \u00e0 l\u2019Administration d\u2019\u00eatre \u00ab&nbsp;<em>au service des usagers par sa proximit\u00e9, sa simplicit\u00e9, sa disponibilit\u00e9, sa c\u00e9l\u00e9rit\u00e9, sa lisibilit\u00e9 et l\u2019efficacit\u00e9 de son action&nbsp;<\/em>\u00bb.<\/p>\n\n\n\n<p>Vu le succ\u00e8s de cette 1\u00e8re \u00e9dition du Forum de la Diaspora, l&rsquo;Ambassadeur demandera \u00e0 la communaut\u00e9, de s\u2019approprier de ce rendez-vous annuel et qu&rsquo;elle soit associ\u00e9e \u00e0 la pr\u00e9paration, \u00e0 l&rsquo;organisation et \u00e0 la mise en \u0153uvre des d\u00e9cisions prises. Comme quoi, sous la houlette de S. E. Baye Moctar Diop, le double d\u00e9fi de l\u2019organisation et de la participation, a \u00e9t\u00e9 enti\u00e8rement relev\u00e9.<\/p>\n\n\n\n<p>Les interventions\u2026<\/p>\n\n\n\n<p>Intervenant, le repr\u00e9sentant de l\u2019Office des \u00e9trangers donnera un aper\u00e7u de la migration s\u00e9n\u00e9galaise en Belgique. Par ailleurs, la lancinante question li\u00e9e \u00e0 la probl\u00e9matique de l\u2019insertion socio-professionnelle en faveur des migrants et la mobilit\u00e9 entrepreneuriale entre le S\u00e9n\u00e9gal et la Belgique, a \u00e9t\u00e9 abord\u00e9. Ce qui a servi de pr\u00e9texte \u00e0 M. Pape Birama Thiam, Directeur de la Coop\u00e9ration Technique et Coordonnateur du PAISD, Mme Nata Samb Mback\u00e9, Administratrice du FAISE, M. Abdoulaye Diass\u00e9, SG\/FONGIP, (DER\/FJ ou encore ENABEL de mettre en \u00e9vidence les divers programmes propos\u00e9s de l&rsquo;Etat aux acteurs de la diaspora s\u00e9n\u00e9galaise. Des d\u00e9bats passionnants ont eu lieu durant la rencontre avant la c\u00e9r\u00e9monie de cl\u00f4ture.<\/p>\n\n\n\n<p>Pour les S\u00e9n\u00e9galais interrog\u00e9s, le forum est d\u00e9j\u00e0 une r\u00e9ussite probante, pour une premi\u00e8re qui fut une agr\u00e9able journ\u00e9e d\u2019\u00e9change et de partage entre participants. Apr\u00e8s la lecture des principales d\u00e9cisions et recommandations, les travaux ont \u00e9t\u00e9 cl\u00f4tur\u00e9s dans la bonne humeur, un peu plus tard dans la soir\u00e9e.<\/p>\n\n\n\n<figure class=\"wp-block-image\"><a href=\"javascript:void(0)\"><img decoding=\"async\" src=\"https:\/\/www.leral.net\/photo\/art\/default\/69020984-48401118.jpg?v=1669213778\" alt=\"Premi\u00e8re \u00e9dition du Forum de la diaspora s\u00e9n\u00e9galaise organis\u00e9 \u00e0 Bruxelles par l\u2019Ambassade du S\u00e9n\u00e9gal\" title=\"Premi\u00e8re \u00e9dition du Forum de la diaspora s\u00e9n\u00e9galaise organis\u00e9 \u00e0 Bruxelles par l\u2019Ambassade du S\u00e9n\u00e9gal\"\/><\/a><\/figure>\n\n\n\n<figure class=\"wp-block-image\"><a href=\"javascript:void(0)\"><img decoding=\"async\" src=\"https:\/\/www.leral.net\/photo\/art\/default\/69020984-48401121.jpg?v=1669213800\" alt=\"Premi\u00e8re \u00e9dition du Forum de la diaspora s\u00e9n\u00e9galaise organis\u00e9 \u00e0 Bruxelles par l\u2019Ambassade du S\u00e9n\u00e9gal\" title=\"Premi\u00e8re \u00e9dition du Forum de la diaspora s\u00e9n\u00e9galaise organis\u00e9 \u00e0 Bruxelles par l\u2019Ambassade du S\u00e9n\u00e9gal\"\/><\/a><\/figure>\n\n\n\n<figure class=\"wp-block-image\"><a href=\"javascript:void(0)\"><img decoding=\"async\" src=\"https:\/\/www.leral.net\/photo\/art\/default\/69020984-48401156.jpg?v=1669213884\" alt=\"Premi\u00e8re \u00e9dition du Forum de la diaspora s\u00e9n\u00e9galaise organis\u00e9 \u00e0 Bruxelles par l\u2019Ambassade du S\u00e9n\u00e9gal\" title=\"Premi\u00e8re \u00e9dition du Forum de la diaspora s\u00e9n\u00e9galaise organis\u00e9 \u00e0 Bruxelles par l\u2019Ambassade du S\u00e9n\u00e9gal\"\/><\/a><\/figure>\n\n\n\n<p><a href=\"https:\/\/www.leral.net\/author\/Fata-Michel-Dieye\/\">MD<\/a><\/p>\n","protected":false},"excerpt":{"rendered":"<p>Le Forum de la diaspora s\u00e9n\u00e9galaise organis\u00e9 samedi 19 novembre 2022, \u00e0 Berchem-Sainte-Agathe, par l\u2019Ambassade du S\u00e9n\u00e9gal en Belgique et<\/p>\n","protected":false},"author":1,"featured_media":3784,"comment_status":"open","ping_status":"open","sticky":false,"template":"","format":"standard","meta":{"footnotes":""},"categories":[6],"tags":[],"class_list":["post-3783","post","type-post","status-publish","format-standard","has-post-thumbnail","hentry","category-politics"],"_links":{"self":[{"href":"https:\/\/dekkbi.com\/index.php?rest_route=\/wp\/v2\/posts\/3783","targetHints":{"allow":["GET"]}}],"collection":[{"href":"https:\/\/dekkbi.com\/index.php?rest_route=\/wp\/v2\/posts"}],"about":[{"href":"https:\/\/dekkbi.com\/index.php?rest_route=\/wp\/v2\/types\/post"}],"author":[{"embeddable":true,"href":"https:\/\/dekkbi.com\/index.php?rest_route=\/wp\/v2\/users\/1"}],"replies":[{"embeddable":true,"href":"https:\/\/dekkbi.com\/index.php?rest_route=%2Fwp%2Fv2%2Fcomments&post=3783"}],"version-history":[{"count":1,"href":"https:\/\/dekkbi.com\/index.php?rest_route=\/wp\/v2\/posts\/3783\/revisions"}],"predecessor-version":[{"id":3785,"href":"https:\/\/dekkbi.com\/index.php?rest_route=\/wp\/v2\/posts\/3783\/revisions\/3785"}],"wp:featuredmedia":[{"embeddable":true,"href":"https:\/\/dekkbi.com\/index.php?rest_route=\/wp\/v2\/media\/3784"}],"wp:attachment":[{"href":"https:\/\/dekkbi.com\/index.php?rest_route=%2Fwp%2Fv2%2Fmedia&parent=3783"}],"wp:term":[{"taxonomy":"category","embeddable":true,"href":"https:\/\/dekkbi.com\/index.php?rest_route=%2Fwp%2Fv2%2Fcategories&post=3783"},{"taxonomy":"post_tag","embeddable":true,"href":"https:\/\/dekkbi.com\/index.php?rest_route=%2Fwp%2Fv2%2Ftags&post=3783"}],"curies":[{"name":"wp","href":"https:\/\/api.w.org\/{rel}","templated":true}]}}