{"id":37822,"date":"2024-06-29T11:15:05","date_gmt":"2024-06-29T11:15:05","guid":{"rendered":"https:\/\/dekkbi.com\/?p=37822"},"modified":"2024-06-29T11:15:05","modified_gmt":"2024-06-29T11:15:05","slug":"marche-de-protestation-a-dialambere-pourquoi-le-fassania-est-en-colere-contre-son-maire-mamadou-salif-sow","status":"publish","type":"post","link":"https:\/\/dekkbi.com\/?p=37822","title":{"rendered":"Marche de protestation \u00e0 Dialamb\u00e9r\u00e9 : Pourquoi le Fassania est en col\u00e8re contre son maire Mamadou Salif Sow"},"content":{"rendered":"\n<h3 class=\"wp-block-heading\">Les habitants du Fassania et des environs, dans la commune de Dialamb\u00e9r\u00e9 ont organis\u00e9 une marche de protestation mercredi dernier contre le maire Mamadou Salif Sow. Les manifestants accusent l&rsquo;\u00e9dile de d\u00e9tournement et de tentative de spoliation des terres communales.<\/h3>\n\n\n\n<p>Le point de d\u00e9part de cette col\u00e8re populaire r\u00e9side dans le d\u00e9tournement pr\u00e9sum\u00e9 d&rsquo;une ambulance fournie par le Programme d&rsquo;Urgence de Modernisation des Axes et Territoires Frontaliers (PUMA). <\/p>\n\n\n\n<p>Selon les protestataires, l&rsquo;ambulance destin\u00e9e au poste de sant\u00e9 de Dialamb\u00e9r\u00e9 a \u00e9t\u00e9 redirig\u00e9e vers Ngocky, un village consid\u00e9r\u00e9 comme le bastion politique du maire. Cette action est per\u00e7ue comme une violation flagrante du bon de livraison initial.<\/p>\n\n\n\n<p>Aliou Koita, porte-parole des populations m\u00e9contentes, a fermement exig\u00e9 le retour imm\u00e9diat de l&rsquo;ambulance \u00e0 Dialamb\u00e9r\u00e9. \u00ab Nous ne tol\u00e9rerons pas que des biens destin\u00e9s \u00e0 am\u00e9liorer nos conditions de vie soient utilis\u00e9s \u00e0 des fins politiques \u00bb, a-t-il d\u00e9clar\u00e9 devant une foule en col\u00e8re.<\/p>\n\n\n\n<p>Les griefs des populations de Dialamb\u00e9r\u00e9 ne s&rsquo;arr\u00eatent pas l\u00e0. Elles accusent \u00e9galement Mamadou Salif Sow de tenter de spolier les terres communales en complicit\u00e9 avec la soci\u00e9t\u00e9 Seneguindia. <\/p>\n\n\n\n<p>Cette entreprise, sp\u00e9cialis\u00e9e dans la construction immobili\u00e8re et l&rsquo;agriculture, est d\u00e9sormais d\u00e9clar\u00e9e persona non grata par les manifestants. Profitant de cette manifestation, les habitants ont \u00e9galement r\u00e9clam\u00e9 une meilleure couverture du r\u00e9seau t\u00e9l\u00e9phonique.<\/p>\n\n\n\n<p>\u00ab Il est inadmissible qu&rsquo;\u00e0 l&rsquo;\u00e8re du num\u00e9rique, nous soyons encore priv\u00e9s d&rsquo;un acc\u00e8s complet au r\u00e9seau t\u00e9l\u00e9phonique \u00bb, a soulign\u00e9 le porte-parole des populations. Cette marche de protestation, qui s&rsquo;est d\u00e9roul\u00e9e sans incidents, met en lumi\u00e8re les tensions croissantes entre les populations locales et leurs repr\u00e9sentants politiques. <\/p>\n\n\n\n<p>Les autorit\u00e9s \u00e9tatiques sont d\u00e9sormais interpell\u00e9es pour r\u00e9soudre ces diff\u00e9rends et r\u00e9pondre aux attentes de ces habitants du Fassania.<\/p>\n\n\n\n<p>La situation reste tendue, et les regards se tournent maintenant vers le maire Mamadou Salif Sow pour une r\u00e9ponse \u00e0 ces accusations graves et une action rapide pour apaiser la situation.Joint par t\u00e9l\u00e9phone par le correspondant local de Walfadjiri, le Maire Sow promet d\u2019apporter la r\u00e9plique lors d\u2019un point de presse qu\u2019il va animer dans les prochains jours.<\/p>\n\n\n\n<p> Affaire \u00e0 suivre<\/p>\n\n\n\n<p>TribuneM<\/p>\n\n\n\n<p><\/p>\n\n\n\n<p><\/p>\n","protected":false},"excerpt":{"rendered":"<p>Les habitants du Fassania et des environs, dans la commune de Dialamb\u00e9r\u00e9 ont organis\u00e9 une marche de protestation mercredi dernier<\/p>\n","protected":false},"author":1,"featured_media":37823,"comment_status":"open","ping_status":"open","sticky":false,"template":"","format":"standard","meta":{"footnotes":""},"categories":[26],"tags":[],"class_list":["post-37822","post","type-post","status-publish","format-standard","has-post-thumbnail","hentry","category-fait-divers"],"_links":{"self":[{"href":"https:\/\/dekkbi.com\/index.php?rest_route=\/wp\/v2\/posts\/37822","targetHints":{"allow":["GET"]}}],"collection":[{"href":"https:\/\/dekkbi.com\/index.php?rest_route=\/wp\/v2\/posts"}],"about":[{"href":"https:\/\/dekkbi.com\/index.php?rest_route=\/wp\/v2\/types\/post"}],"author":[{"embeddable":true,"href":"https:\/\/dekkbi.com\/index.php?rest_route=\/wp\/v2\/users\/1"}],"replies":[{"embeddable":true,"href":"https:\/\/dekkbi.com\/index.php?rest_route=%2Fwp%2Fv2%2Fcomments&post=37822"}],"version-history":[{"count":1,"href":"https:\/\/dekkbi.com\/index.php?rest_route=\/wp\/v2\/posts\/37822\/revisions"}],"predecessor-version":[{"id":37824,"href":"https:\/\/dekkbi.com\/index.php?rest_route=\/wp\/v2\/posts\/37822\/revisions\/37824"}],"wp:featuredmedia":[{"embeddable":true,"href":"https:\/\/dekkbi.com\/index.php?rest_route=\/wp\/v2\/media\/37823"}],"wp:attachment":[{"href":"https:\/\/dekkbi.com\/index.php?rest_route=%2Fwp%2Fv2%2Fmedia&parent=37822"}],"wp:term":[{"taxonomy":"category","embeddable":true,"href":"https:\/\/dekkbi.com\/index.php?rest_route=%2Fwp%2Fv2%2Fcategories&post=37822"},{"taxonomy":"post_tag","embeddable":true,"href":"https:\/\/dekkbi.com\/index.php?rest_route=%2Fwp%2Fv2%2Ftags&post=37822"}],"curies":[{"name":"wp","href":"https:\/\/api.w.org\/{rel}","templated":true}]}}