{"id":37816,"date":"2024-06-29T11:04:25","date_gmt":"2024-06-29T11:04:25","guid":{"rendered":"https:\/\/dekkbi.com\/?p=37816"},"modified":"2024-06-29T11:04:26","modified_gmt":"2024-06-29T11:04:26","slug":"kaolack-les-nouveaux-prix-des-denrees-de-premiere-necessite-et-du-ciment-connus","status":"publish","type":"post","link":"https:\/\/dekkbi.com\/?p=37816","title":{"rendered":"Kaolack: les nouveaux prix des denr\u00e9es de premi\u00e8re n\u00e9cessit\u00e9 et du ciment connus"},"content":{"rendered":"\n<p>Kaolack,  (APS) \u2013 Le Conseil r\u00e9gional de la consommation (CRC) de Kaolack (centre) a d\u00e9termin\u00e9 vendredi les nouveaux prix plafonds des produits alimentaires et du ciment, qui ont r\u00e9cemment connu une baisse \u00e0 la faveur des mesures prises \u00e0 cet effet par le gouvernement.<\/p>\n\n\n\n<p>Les nouveaux prix ont \u00e9t\u00e9 fix\u00e9s lors d\u2019une r\u00e9union du CRC pr\u00e9sid\u00e9e par le gouverneur de r\u00e9gion, Ousmane Kane.<\/p>\n\n\n\n<p>Le gouvernement a annonc\u00e9 l\u2019entr\u00e9e en vigueur depuis lundi dernier d\u2019une baisse des prix de produits dont le riz ordinaire, l\u2019huile raffin\u00e9e, le sucre cristallis\u00e9, la farine, le pain et le ciment.<\/p>\n\n\n\n<p>Avant cette rencontre du CRC, des r\u00e9unions pr\u00e9paratoires ont \u00e9t\u00e9 tenues avec les diff\u00e9rents acteurs concern\u00e9s, dont les associations de consommateurs et commer\u00e7ants.<\/p>\n\n\n\n<p>L\u2019objectif consistait \u00e0 travailler sur les structures des prix, en int\u00e9grant le diff\u00e9rentiel de transport entre Dakar et Kaolack, a soulign\u00e9 Adama Mohamed Mbaye, chef du service r\u00e9gional de commerce de Kaolack.<\/p>\n\n\n\n<p>Au terme des concertations, le RCR a indiqu\u00e9 que le bidon d\u2019huile de 20 litres sera vendu \u00e0 19.140 francs CFA et \u00e0 mille francs CFA le litre.<\/p>\n\n\n\n<p>Le prix du sac de riz bris\u00e9 ordinaire de 50 kilogrammes est fix\u00e9 \u00e0 19.600 francs CFA, soit 420 francs CFA le kilogramme.Le prix du sac de sucre de 50 kilogrammes est arr\u00eat\u00e9 \u00e0 29.200 francs CFA, le kilogramme \u00e9tant vendu \u00e0 610 francs CFA.<\/p>\n\n\n\n<p>Pour la farine de type 55, le prix du sac est de 15.530, contre 16.030 francs CFA pour la farine am\u00e9lior\u00e9e.<\/p>\n\n\n\n<p>Pour le pain, nous avons travaill\u00e9 sur la baguette de 190 grammes qui \u00e9tait vendue \u00e0 175 francs CFA, que nous avons ramen\u00e9e \u00e0 180 grammes pour \u00eatre vendue \u00e0 150 francs CFA. <\/p>\n\n\n\n<p>A Dakar, c\u2019est 190 grammes \u00e0 150 francs CFA, alors qu\u2019\u00e0 Kaolack, c\u2019est 180 grammes \u00e0 150 francs CFA\u2019\u2019, a indiqu\u00e9 M. Mbaye.La tonne de ciment va d\u00e9sormais s\u2019\u00e9changer contre 76.500 francs CFA, tandis que le sac sera c\u00e9d\u00e9 \u00e0  3825 francs CFA. <\/p>\n\n\n\n<p>Ces \u2018\u2019prix plafonds\u2019\u2019 concernent les d\u00e9partements de Guinguin\u00e9o et de Kaolack, a pr\u00e9cis\u00e9 le chef du service r\u00e9gional de commerce.\u2018\u2019Pour le d\u00e9partement de Nioro du Rip, il y aura une l\u00e9g\u00e8re am\u00e9lioration, en tenant compte de la distance, avec un transport suppl\u00e9mentaire qui sera appliqu\u00e9\u2019\u2019, a d\u00e9clar\u00e9 Adama Mouhamed Mbaye.<\/p>\n\n\n\n<p>Il a annonc\u00e9 qu\u2019une campagne d\u2019affichage des prix retenus sera men\u00e9e durant le week-end pour qu\u2019\u2019\u2019\u00e0 partir de lundi prochain, ces prix soient appliqu\u00e9s dans la r\u00e9gion de Kaolack\u2019\u2019.<\/p>\n\n\n\n<p>Le chef de l\u2019ex\u00e9cutif r\u00e9gional, Ousmane Kane, a salu\u00e9 la bonne tenue de la r\u00e9union du CRC qui a abouti \u00e0 des \u2018\u2019consensus forts\u2019\u2019 avec les acteurs concern\u00e9s. Il a invit\u00e9 les responsables du service r\u00e9gional de commerce \u00e0 mettre en avant un \u2018\u2019contr\u00f4le d\u2019accompagnement, et non celui de r\u00e9pression\u2019\u2019. <\/p>\n\n\n\n<p>\u2018\u2019C\u2019est \u00e7a la posture de contr\u00f4le de l\u2019administration\u2019\u2019, a-t-il fait valoir.\u2018\u2019L\u2019administration du commerce agit toujours sur deux leviers : l\u2019accompagnement, l\u2019encadrement et le conseil et le levier de la r\u00e9pression.<\/p>\n\n\n\n<p> Parce qu\u2019il y a des commer\u00e7ants qui, jusqu\u2019\u00e0 l\u2019extinction du soleil, continueront \u00e0 ne pas respecter les prix. Face \u00e0 ces situations, nous serons dans l\u2019obligation d\u2019appliquer la r\u00e8glementation \u00e9conomique en vigueur\u2019\u2019, a pr\u00e9venu M. Mbaye.<\/p>\n\n\n\n<p>Quarante volontaires de la consommation sont mis \u00e0 la disposition du service r\u00e9gional de commerce de Kaolack pour \u00eatre aux c\u00f4t\u00e9s des forces de d\u00e9fense et de s\u00e9curit\u00e9 et des populations, afin que les prix soient appliqu\u00e9s.<\/p>\n\n\n\n<p>Le Conseil r\u00e9gional de la consommation (CRC) de Kaolack (centre) a d\u00e9termin\u00e9 vendredi les nouveaux prix plafonds des produits alimentaires et du ciment, qui ont r\u00e9cemment connu une baisse \u00e0 la faveur des mesures prises \u00e0 cet effet par le gouvernement. <\/p>\n\n\n\n<p>Les nouveaux prix ont \u00e9t\u00e9 fix\u00e9s lors d\u2019une r\u00e9union du CRC pr\u00e9sid\u00e9e par le gouverneur de r\u00e9gion, Ousmane Kane.<\/p>\n\n\n\n<p>ADE\/ASG\/OID<\/p>\n","protected":false},"excerpt":{"rendered":"<p>Kaolack, (APS) \u2013 Le Conseil r\u00e9gional de la consommation (CRC) de Kaolack (centre) a d\u00e9termin\u00e9 vendredi les nouveaux prix plafonds<\/p>\n","protected":false},"author":1,"featured_media":37817,"comment_status":"open","ping_status":"open","sticky":false,"template":"","format":"standard","meta":{"footnotes":""},"categories":[3],"tags":[],"class_list":["post-37816","post","type-post","status-publish","format-standard","has-post-thumbnail","hentry","category-event-more-news"],"_links":{"self":[{"href":"https:\/\/dekkbi.com\/index.php?rest_route=\/wp\/v2\/posts\/37816","targetHints":{"allow":["GET"]}}],"collection":[{"href":"https:\/\/dekkbi.com\/index.php?rest_route=\/wp\/v2\/posts"}],"about":[{"href":"https:\/\/dekkbi.com\/index.php?rest_route=\/wp\/v2\/types\/post"}],"author":[{"embeddable":true,"href":"https:\/\/dekkbi.com\/index.php?rest_route=\/wp\/v2\/users\/1"}],"replies":[{"embeddable":true,"href":"https:\/\/dekkbi.com\/index.php?rest_route=%2Fwp%2Fv2%2Fcomments&post=37816"}],"version-history":[{"count":1,"href":"https:\/\/dekkbi.com\/index.php?rest_route=\/wp\/v2\/posts\/37816\/revisions"}],"predecessor-version":[{"id":37818,"href":"https:\/\/dekkbi.com\/index.php?rest_route=\/wp\/v2\/posts\/37816\/revisions\/37818"}],"wp:featuredmedia":[{"embeddable":true,"href":"https:\/\/dekkbi.com\/index.php?rest_route=\/wp\/v2\/media\/37817"}],"wp:attachment":[{"href":"https:\/\/dekkbi.com\/index.php?rest_route=%2Fwp%2Fv2%2Fmedia&parent=37816"}],"wp:term":[{"taxonomy":"category","embeddable":true,"href":"https:\/\/dekkbi.com\/index.php?rest_route=%2Fwp%2Fv2%2Fcategories&post=37816"},{"taxonomy":"post_tag","embeddable":true,"href":"https:\/\/dekkbi.com\/index.php?rest_route=%2Fwp%2Fv2%2Ftags&post=37816"}],"curies":[{"name":"wp","href":"https:\/\/api.w.org\/{rel}","templated":true}]}}