{"id":37814,"date":"2024-06-29T10:51:36","date_gmt":"2024-06-29T10:51:36","guid":{"rendered":"https:\/\/dekkbi.com\/?p=37814"},"modified":"2024-06-29T10:52:05","modified_gmt":"2024-06-29T10:52:05","slug":"modernisation-et-digitalisation-lassemblee-nationale-se-met-a-la-page","status":"publish","type":"post","link":"https:\/\/dekkbi.com\/?p=37814","title":{"rendered":"Modernisation et digitalisation: L\u2019Assembl\u00e9e nationale se met \u00e0 la page"},"content":{"rendered":"\n<p>Un communiqu\u00e9 de l\u2019institution informe que les travaux entam\u00e9s en 2023 dans le \u00able Projet de modernisation des moyens de communication de l\u2019Assembl\u00e9e nationale du S\u00e9n\u00e9gal avec le public, appuy\u00e9 par l\u2019Agence cor\u00e9enne de coop\u00e9ration internationale (Koica)\u00bb a pris fin.<\/p>\n\n\n\n<p>Des travaux r\u00e9alis\u00e9s par une compagnie cor\u00e9enne et deux entreprises s\u00e9n\u00e9galaises. <\/p>\n\n\n\n<p>Il s\u2019agit de \u00abla reconfiguration de l\u2019architecture int\u00e9rieure pour une meilleure distribution de l\u2019espace, de l\u2019installation d\u2019\u00e9quipements de communication audio et vid\u00e9o de derni\u00e8re g\u00e9n\u00e9ration assurant la digitalisation des proc\u00e9dures de prise de parole, de vote et de comptage de voix, l\u2019am\u00e9nagement de nouvelles cabines modernes d\u2019interpr\u00e9tation, le d\u00e9ploiement de nouvelles plateformes digitales\u00bb.<\/p>\n\n\n\n<p>Des \u00abavanc\u00e9es majeures\u00bb qui, selon le communiqu\u00e9, \u00absont le r\u00e9sultat de la volont\u00e9 du Pr\u00e9sident Amadou Mame Diop\u00bb de moderniser l\u2019institution. <\/p>\n\n\n\n<p>C\u2019est aussi une communication qui intervient au lendemain de la d\u00e9claration des d\u00e9put\u00e9s de Yewwi askan wi d\u2019une n\u00e9cessit\u00e9 de concr\u00e9tiser la t\u00e9l\u00e9vision parlementaire, rapporte Bes Bi.<\/p>\n\n\n\n<p>Nd\u00e8ye Fatou K\u00e9b\u00e9<\/p>\n\n\n\n<p>LERAL<\/p>\n\n\n\n<p><\/p>\n","protected":false},"excerpt":{"rendered":"<p>Un communiqu\u00e9 de l\u2019institution informe que les travaux entam\u00e9s en 2023 dans le \u00able Projet de modernisation des moyens de<\/p>\n","protected":false},"author":1,"featured_media":3971,"comment_status":"open","ping_status":"open","sticky":false,"template":"","format":"standard","meta":{"footnotes":""},"categories":[6],"tags":[],"class_list":["post-37814","post","type-post","status-publish","format-standard","has-post-thumbnail","hentry","category-politics"],"_links":{"self":[{"href":"https:\/\/dekkbi.com\/index.php?rest_route=\/wp\/v2\/posts\/37814","targetHints":{"allow":["GET"]}}],"collection":[{"href":"https:\/\/dekkbi.com\/index.php?rest_route=\/wp\/v2\/posts"}],"about":[{"href":"https:\/\/dekkbi.com\/index.php?rest_route=\/wp\/v2\/types\/post"}],"author":[{"embeddable":true,"href":"https:\/\/dekkbi.com\/index.php?rest_route=\/wp\/v2\/users\/1"}],"replies":[{"embeddable":true,"href":"https:\/\/dekkbi.com\/index.php?rest_route=%2Fwp%2Fv2%2Fcomments&post=37814"}],"version-history":[{"count":1,"href":"https:\/\/dekkbi.com\/index.php?rest_route=\/wp\/v2\/posts\/37814\/revisions"}],"predecessor-version":[{"id":37815,"href":"https:\/\/dekkbi.com\/index.php?rest_route=\/wp\/v2\/posts\/37814\/revisions\/37815"}],"wp:featuredmedia":[{"embeddable":true,"href":"https:\/\/dekkbi.com\/index.php?rest_route=\/wp\/v2\/media\/3971"}],"wp:attachment":[{"href":"https:\/\/dekkbi.com\/index.php?rest_route=%2Fwp%2Fv2%2Fmedia&parent=37814"}],"wp:term":[{"taxonomy":"category","embeddable":true,"href":"https:\/\/dekkbi.com\/index.php?rest_route=%2Fwp%2Fv2%2Fcategories&post=37814"},{"taxonomy":"post_tag","embeddable":true,"href":"https:\/\/dekkbi.com\/index.php?rest_route=%2Fwp%2Fv2%2Ftags&post=37814"}],"curies":[{"name":"wp","href":"https:\/\/api.w.org\/{rel}","templated":true}]}}