{"id":37807,"date":"2024-06-29T10:26:53","date_gmt":"2024-06-29T10:26:53","guid":{"rendered":"https:\/\/dekkbi.com\/?p=37807"},"modified":"2024-06-29T10:27:26","modified_gmt":"2024-06-29T10:27:26","slug":"lancement-dun-projet-dacceleration-de-la-digitalisation","status":"publish","type":"post","link":"https:\/\/dekkbi.com\/?p=37807","title":{"rendered":"Lancement d\u2019un projet d\u2019acc\u00e9l\u00e9ration de la digitalisation"},"content":{"rendered":"\n<p>Dakar,  (APS) \u2013 Le ministre de la communication, des t\u00e9l\u00e9communications et du num\u00e9rique a proc\u00e9d\u00e9 vendredi \u00e0 Dakar au lancement officiel du Projet d\u2019Acc\u00e9l\u00e9ration de l\u2019Economie Num\u00e9rique au S\u00e9n\u00e9gal (PAENS) d\u2019un co\u00fbt de 95 milliards de FCFA, soit 150 millions de dollars.<\/p>\n\n\n\n<p>Le projet financ\u00e9 par la Banque mondiale a pour objectif principal \u201dd\u2019\u00e9tendre l\u2019acc\u00e8s \u00e0 une connectivit\u00e9 \u00e0 haut d\u00e9bit abordable et r\u00e9siliente aux changements climatiques et am\u00e9liorer l\u2019adoption des services publics enligne et des dossiers m\u00e9dicaux \u00e9lectroniques\u201d.<\/p>\n\n\n\n<p>Venu pr\u00e9sider la c\u00e9r\u00e9monie de lancement du PAENS, le ministre de la communication, des t\u00e9l\u00e9communications et du num\u00e9rique, Alioune Sall, a invit\u00e9 les S\u00e9n\u00e9galais \u00e0 \u201caccompagner ce projet\u201d, qui permettra, selon lui, \u201cd\u2019oublier toutes nos probl\u00e9matiques dans le domaine de la sant\u00e9, de la digitalisation\u2026\u201dIl a fait savoir que \u201cles nombreuses initiatives prises ces derni\u00e8res ann\u00e9es sur le plan administratif, l\u00e9gal, r\u00e8glementaire, et infrastructurel, n\u2019ont pas permis d\u2019avoir des r\u00e9sultats \u00e0 la hauteur des attentes\u201d.<\/p>\n\n\n\n<p>\u201cNotre aspiration \u00e0 devenir une r\u00e9f\u00e9rence dans le domaine du digital en Afrique horizon 2025 est devenue malheureusement hors de port\u00e9e\u201d, a t-il d\u00e9plor\u00e9.<\/p>\n\n\n\n<p>Il a indiqu\u00e9 toutefois que l\u2019Etat du S\u00e9n\u00e9gal et tous les acteurs de l\u2019\u00e9cosyst\u00e8me du num\u00e9rique vont faire en sorte que toutes les probl\u00e9matiques puissent \u00eatre r\u00e9solues de mani\u00e8re durable.<\/p>\n\n\n\n<p>Le ministre de la Sant\u00e9 et de l\u2019action sociale, Ibrahima Sy, a salu\u00e9 les avantages de ce projet. \u201dEn choisissant le renforcement des infrastructures num\u00e9riques de sant\u00e9, de la gouvernance de la sant\u00e9 num\u00e9rique, et des plateformes digitales, le PAENS s\u2019est positionn\u00e9 au c\u0153ur de nos pr\u00e9occupations actuelles\u201d, a-t-il dit.<\/p>\n\n\n\n<p>Pour lui, \u201ctout manquement dans ces domaines, pourrait alt\u00e9rer la confiance que les prestataires doivent avoir au num\u00e9rique\u201d. La Banque mondiale a r\u00e9it\u00e9r\u00e9 sa disponibilit\u00e9 aux c\u00f4t\u00e9s du gouvernement s\u00e9n\u00e9galais.<\/p>\n\n\n\n<p>\u201cToutes les \u00e9quipes de la Banque mondiale qui travaillent pour le S\u00e9n\u00e9gal seront mobilis\u00e9es aux c\u00f4t\u00e9s du gouvernement tout au long du processus pour contribuer \u00e0 moyen et \u00e0 long termes \u00e0 la croissance et au d\u00e9veloppement du pays\u201d, a d\u00e9clar\u00e9 la directrice sectorielle d\u00e9veloppement digital de la Banque mondiale, Jana Kunicova.<\/p>\n\n\n\n<p>Elle fait savoir que le projet ambitionne \u00e0 l\u2019horizon 2029 d\u2019offrir \u201cun acc\u00e8s nouveau ou am\u00e9lior\u00e9\u201d \u00e0 l\u2019internet \u00e0 haut d\u00e9bit \u00e0 \u201c5 millions de personnes dans les zones de la Casamance et du bassin arachidier et pour la sant\u00e9, de num\u00e9riser des dossiers m\u00e9dicaux dans 50% des centres de soins de sant\u00e9\u201d.<\/p>\n\n\n\n<p>Le ministre de la Communication, des T\u00e9l\u00e9communications et du Num\u00e9rique, Alioune Sall, et son homologue de la Sant\u00e9 et de l\u2019Action Sociale, Dr Ibrahima Sy, ont proc\u00e9d\u00e9, vendredi, au lancement officiel du Projet d\u2019Acc\u00e9l\u00e9ration de l\u2019Economie Num\u00e9rique au S\u00e9n\u00e9gal (PAENS) qui vise \u00e0 \u00e9tendre l\u2019acc\u00e8s \u00e0 une connectivit\u00e9 \u00e0 haut d\u00e9bit abordable et r\u00e9siliente aux changements climatiques et am\u00e9liorer l\u2019adoption des services publics en ligne et des dossiers m\u00e9dicaux \u00e9lectroniques.<\/p>\n\n\n\n<p>CS\/OID<\/p>\n\n\n\n<p><\/p>\n","protected":false},"excerpt":{"rendered":"<p>Dakar, (APS) \u2013 Le ministre de la communication, des t\u00e9l\u00e9communications et du num\u00e9rique a proc\u00e9d\u00e9 vendredi \u00e0 Dakar au lancement<\/p>\n","protected":false},"author":1,"featured_media":37808,"comment_status":"open","ping_status":"open","sticky":false,"template":"","format":"standard","meta":{"footnotes":""},"categories":[6],"tags":[],"class_list":["post-37807","post","type-post","status-publish","format-standard","has-post-thumbnail","hentry","category-politics"],"_links":{"self":[{"href":"https:\/\/dekkbi.com\/index.php?rest_route=\/wp\/v2\/posts\/37807","targetHints":{"allow":["GET"]}}],"collection":[{"href":"https:\/\/dekkbi.com\/index.php?rest_route=\/wp\/v2\/posts"}],"about":[{"href":"https:\/\/dekkbi.com\/index.php?rest_route=\/wp\/v2\/types\/post"}],"author":[{"embeddable":true,"href":"https:\/\/dekkbi.com\/index.php?rest_route=\/wp\/v2\/users\/1"}],"replies":[{"embeddable":true,"href":"https:\/\/dekkbi.com\/index.php?rest_route=%2Fwp%2Fv2%2Fcomments&post=37807"}],"version-history":[{"count":1,"href":"https:\/\/dekkbi.com\/index.php?rest_route=\/wp\/v2\/posts\/37807\/revisions"}],"predecessor-version":[{"id":37809,"href":"https:\/\/dekkbi.com\/index.php?rest_route=\/wp\/v2\/posts\/37807\/revisions\/37809"}],"wp:featuredmedia":[{"embeddable":true,"href":"https:\/\/dekkbi.com\/index.php?rest_route=\/wp\/v2\/media\/37808"}],"wp:attachment":[{"href":"https:\/\/dekkbi.com\/index.php?rest_route=%2Fwp%2Fv2%2Fmedia&parent=37807"}],"wp:term":[{"taxonomy":"category","embeddable":true,"href":"https:\/\/dekkbi.com\/index.php?rest_route=%2Fwp%2Fv2%2Fcategories&post=37807"},{"taxonomy":"post_tag","embeddable":true,"href":"https:\/\/dekkbi.com\/index.php?rest_route=%2Fwp%2Fv2%2Ftags&post=37807"}],"curies":[{"name":"wp","href":"https:\/\/api.w.org\/{rel}","templated":true}]}}